{"id":467517,"date":"2025-05-08T19:24:36","date_gmt":"2025-05-08T23:24:36","guid":{"rendered":"https:\/\/deultimominuto.net\/en\/uncategorized\/pope-leo-xiv-and-his-link-with-the-dominican-republic-a-connection-forged-in-la-vega\/"},"modified":"2025-05-08T19:24:36","modified_gmt":"2025-05-08T23:24:36","slug":"pope-leo-xiv-and-his-link-with-the-dominican-republic-a-connection-forged-in-la-vega","status":"publish","type":"post","link":"https:\/\/deultimominuto.com\/en\/style\/pope-leo-xiv-and-his-link-with-the-dominican-republic-a-connection-forged-in-la-vega\/","title":{"rendered":"Pope Leo XIV and his link with the Dominican Republic: a connection forged in La Vega"},"content":{"rendered":"\n<p class=\"wp-block-paragraph\"><strong>SANTO DOMINGO.<\/strong> \u2013 The election of <strong>Robert Francis Prevost<\/strong> as the new <strong>Pope Leo XIV<\/strong> has resonated with special enthusiasm in the Dominican Republic, particularly in the province of La Vega, where the pontiff left an indelible mark during his pastoral visits prior to his ascension to the papacy.<\/p>\n\n\n\n<p class=\"wp-block-paragraph\">In 2004, being <strong>Prior General of the Order of Saint Augustine, Prevost<\/strong> visited La Vega to present a recognition to Gladys Altagracia Garc\u00eda, in honor of her generous service and collaboration with the Augustinian community, which was then celebrating 50 years of presence in the country. During his stay, he walked through several communities, including Palmarito, Barranca, Jamo and Licey, carrying a message of faith and hope.<\/p>\n\n\n\n<p class=\"wp-block-paragraph\"><strong>You may be interested in: <\/strong><a href=\"https:\/\/ab.deultimominuto.net\/wp-content\/uploads\/2025\/05\/Post-de-Instagram-Feliz-Cumpleanos-Sencillo-Minimalista-Azul-1000-x-500-px-2025-05-08T141706.925.jpg\" data-type=\"attachment\" data-id=\"473306\" target=\"_blank\" rel=\"noopener\">First speech of Pope Leo XIV<\/a><\/p>\n\n\n\n<p class=\"wp-block-paragraph\">In 2011, Prevost returned to La Vega to participate in the golden jubilee of the Augustinian presence in the Dominican Republic. During this visit, he was honored with the Order of Saint Augustine, the highest recognition granted by the educational and religious community of the Agustiniano College. He participated in a mass presided over by Cardinal Nicol\u00e1s de Jes\u00fas L\u00f3pez Rodr\u00edguez in the San Agust\u00edn parish, along with Monsignors Juan Antonio Flores Santana and Antonio Camilo.<\/p>\n\n\n\n<p class=\"wp-block-paragraph\">These visits reflect Leo XIV&#8217;s deep commitment to local communities and his closeness to the faithful. His missionary work in Latin America, especially in Peru, and his experience in the region, augur a pontificate close to the realities and challenges of the continent.<\/p>\n\n\n\n<p class=\"wp-block-paragraph\">The president of the Dominican Episcopal Conference, Monsignor H\u00e9ctor Rafael Rodr\u00edguez, highlighted the close ties of Leo XIV with the Dominican Republic and, in particular, with the city of La Vega. He recalled that Prevost, belonging to the Augustinian order, visited the country on several occasions before becoming pontiff.<\/p>\n\n\n\n<div class=\"wp-block-columns is-layout-flex wp-container-core-columns-is-layout-8f761849 wp-block-columns-is-layout-flex\">\n<div class=\"wp-block-column is-layout-flow wp-block-column-is-layout-flow\" style=\"flex-basis:100%\">\n<figure class=\"wp-block-image size-full\"><img decoding=\"async\" src=\"https:\/\/ab.deultimominuto.net\/wp-content\/uploads\/2025\/05\/Captura-de-pantalla-2025-05-08-185452.jpg\" alt=\"\" class=\"wp-image-473433\" title=\"\"><\/figure>\n<\/div>\n<\/div>\n\n\n\n<figure class=\"wp-block-image size-full is-resized\"><img decoding=\"async\" src=\"https:\/\/ab.deultimominuto.net\/wp-content\/uploads\/2025\/05\/Captura-de-pantalla-2025-05-08-185437.jpg\" alt=\"\" class=\"wp-image-473434\" style=\"width:1032px;height:auto\" title=\"\"><\/figure>\n\n\n\n<figure class=\"wp-block-image size-full\"><img decoding=\"async\" src=\"https:\/\/ab.deultimominuto.net\/wp-content\/uploads\/2025\/05\/Captura-de-pantalla-2025-05-08-185508.jpg\" alt=\"\" class=\"wp-image-473435\" title=\"\"><\/figure>\n\n\n\n<figure class=\"wp-block-image size-full\"><img decoding=\"async\" src=\"https:\/\/ab.deultimominuto.net\/wp-content\/uploads\/2025\/05\/Captura-de-pantalla-2025-05-08-185549.jpg\" alt=\"\" class=\"wp-image-473436\" title=\"\"><\/figure>\n\n\n\n<figure class=\"wp-block-image size-full\"><img decoding=\"async\" src=\"https:\/\/ab.deultimominuto.net\/wp-content\/uploads\/2025\/05\/Captura-de-pantalla-2025-05-08-185529.jpg\" alt=\"\" class=\"wp-image-473437\" title=\"\"><\/figure>\n","protected":false},"excerpt":{"rendered":"<p>SANTO DOMINGO. \u2013 The election of Robert Francis Prevost as the new Pope Leo XIV has resonated with special enthusiasm in the Dominican Republic, particularly in the province of La Vega, where the pontiff left an indelible mark during his pastoral visits prior to his ascension to the papacy. In 2004, being Prior General of [&hellip;]<\/p>\n","protected":false},"author":4,"featured_media":467518,"comment_status":"open","ping_status":"open","sticky":false,"template":"","format":"standard","meta":{"_acf_changed":false,"_jetpack_newsletter_access":"","_jetpack_dont_email_post_to_subs":false,"_jetpack_newsletter_tier_id":0,"_jetpack_memberships_contains_paywalled_content":false,"_jetpack_memberships_contains_paid_content":false,"footnotes":"","_members_access_role":[],"_members_access_error":""},"categories":[7],"tags":[40343,40288],"class_list":["post-467517","post","type-post","status-publish","format-standard","has-post-thumbnail","category-style","tag-pope-leo-xiv","tag-vatican"],"acf":[],"jetpack_sharing_enabled":true,"jetpack_shortlink":"https:\/\/wp.me\/phj1q1-1XCB","jetpack_featured_media_url":"https:\/\/deultimominuto.com\/en\/wp-content\/uploads\/sites\/2\/2025\/05\/Captura-de-pantalla-2025-05-08-185422.jpg","dum_api":{"author_name":"Redacci\u00f3n De \u00daltimo Minuto","author_image":"https:\/\/deultimominuto.com\/wp-content\/uploads\/2025\/02\/cropped-logo-de-ultimo-minuto-96x96.png","categories_name":["Style"],"featured_media_url":"https:\/\/cdn.deultimominuto.com\/en\/wp-content\/uploads\/sites\/2\/2025\/05\/Captura-de-pantalla-2025-05-08-185422.jpg"},"_links":{"self":[{"href":"https:\/\/deultimominuto.com\/en\/wp-json\/wp\/v2\/posts\/467517","targetHints":{"allow":["GET"]}}],"collection":[{"href":"https:\/\/deultimominuto.com\/en\/wp-json\/wp\/v2\/posts"}],"about":[{"href":"https:\/\/deultimominuto.com\/en\/wp-json\/wp\/v2\/types\/post"}],"author":[{"embeddable":true,"href":"https:\/\/deultimominuto.com\/en\/wp-json\/wp\/v2\/users\/4"}],"replies":[{"embeddable":true,"href":"https:\/\/deultimominuto.com\/en\/wp-json\/wp\/v2\/comments?post=467517"}],"version-history":[{"count":0,"href":"https:\/\/deultimominuto.com\/en\/wp-json\/wp\/v2\/posts\/467517\/revisions"}],"wp:featuredmedia":[{"embeddable":true,"href":"https:\/\/deultimominuto.com\/en\/wp-json\/wp\/v2\/media\/467518"}],"wp:attachment":[{"href":"https:\/\/deultimominuto.com\/en\/wp-json\/wp\/v2\/media?parent=467517"}],"wp:term":[{"taxonomy":"category","embeddable":true,"href":"https:\/\/deultimominuto.com\/en\/wp-json\/wp\/v2\/categories?post=467517"},{"taxonomy":"post_tag","embeddable":true,"href":"https:\/\/deultimominuto.com\/en\/wp-json\/wp\/v2\/tags?post=467517"}],"curies":[{"name":"wp","href":"https:\/\/api.w.org\/{rel}","templated":true}]}}