{"id":468364,"date":"2025-05-19T18:22:13","date_gmt":"2025-05-19T22:22:13","guid":{"rendered":"https:\/\/deultimominuto.net\/en\/uncategorized\/abinader-affirms-that-the-dominican-republic-has-the-lowest-homicide-rate-in-central-america\/"},"modified":"2025-05-19T18:22:13","modified_gmt":"2025-05-19T22:22:13","slug":"abinader-affirms-that-the-dominican-republic-has-the-lowest-homicide-rate-in-central-america","status":"publish","type":"post","link":"https:\/\/deultimominuto.com\/en\/dominican-news\/abinader-affirms-that-the-dominican-republic-has-the-lowest-homicide-rate-in-central-america\/","title":{"rendered":"Abinader affirms that the Dominican Republic has the lowest homicide rate in Central America"},"content":{"rendered":"\n<p class=\"wp-block-paragraph\"><strong>Santo Domingo. <\/strong>&#8211; President <strong>Luis Abinader<\/strong> reported this Monday that those responsible for the death of five people during a shooting allegedly linked to a dispute over the control of a drug point in the municipality of <strong>Loma de Cabrera, Dajab\u00f3n province,<\/strong> have already been identified.<\/p>\n\n\n\n<p class=\"wp-block-paragraph\">In that sense, Abinader specified that <strong>Dominican Republic<\/strong> has the highest statistical levels in Central America in terms of homicide, which is why he emphasizes that it is not heading towards comparing itself with <strong>Ecuador<\/strong>, due to that recent event.<\/p>\n\n\n\n<p class=\"wp-block-paragraph\"><strong>You may be interested in:<\/strong> <a href=\"https:\/\/ab.deultimominuto.net\/nacionales\/cinco-muertos-en-tiroteo-por-disputa\/\" data-type=\"post\" data-id=\"477872\" target=\"_blank\" rel=\"noopener\">Five dead in shooting over drug point dispute in Dajab\u00f3n are transferred to the Inacif of Santiago<\/a><\/p>\n\n\n\n<p class=\"wp-block-paragraph\"><strong>\u201cThat case has already identified the people who carried it out and you can be sure that justice will be done,\u201d<\/strong> said the president during LA Semanal.<\/p>\n\n\n\n<p class=\"wp-block-paragraph\">According to reports, the victims were identified as Franklin Alexander Gonz\u00e1lez Cabrera, 54 years old; Ignacio Lora, 31; a man known only as \u201cEl Menor\u201d; another nicknamed \u201cLa Ciencia\u201d, of Haitian nationality; and a fifth Haitian individual, identified as \u201cYony el Alba\u00f1il\u201d.<\/p>\n\n\n\n<p class=\"wp-block-paragraph\">The National Police identified Jos\u00e9 Miguel de la Rosa, 23, who has a criminal record and an outstanding arrest warrant; H\u00e9ctor Alejandro Acevedo Est\u00e9vez, alias \u201cChico\u201d, a resident of the Pinal Claro sector and currently a fugitive; and a third person identified only as Junior \u201cFenbo\u201d, whose full identity is being verified, as the alleged perpetrators of the act.<\/p>\n\n\n\n<figure class=\"wp-block-embed is-type-video is-provider-youtube wp-block-embed-youtube wp-embed-aspect-4-3 wp-has-aspect-ratio\"><div class=\"wp-block-embed__wrapper\">\n<iframe loading=\"lazy\" title=\"Pdte. Abinader y Pdte. del Indotel dieron a conocer pilares para digitalizar y transformar a RD\" width=\"1240\" height=\"698\" src=\"https:\/\/www.youtube.com\/embed\/_3phjapLid8?feature=oembed\" frameborder=\"0\" allow=\"accelerometer; autoplay; clipboard-write; encrypted-media; gyroscope; picture-in-picture; web-share\" referrerpolicy=\"strict-origin-when-cross-origin\" allowfullscreen><\/iframe>\n<\/div><\/figure>\n","protected":false},"excerpt":{"rendered":"<p>Santo Domingo. &#8211; President Luis Abinader reported this Monday that those responsible for the death of five people during a shooting allegedly linked to a dispute over the control of a drug point in the municipality of Loma de Cabrera, Dajab\u00f3n province, have already been identified. In that sense, Abinader specified that Dominican Republic has [&hellip;]<\/p>\n","protected":false},"author":27,"featured_media":468366,"comment_status":"open","ping_status":"open","sticky":false,"template":"","format":"standard","meta":{"_acf_changed":false,"_jetpack_newsletter_access":"","_jetpack_dont_email_post_to_subs":false,"_jetpack_newsletter_tier_id":0,"_jetpack_memberships_contains_paywalled_content":false,"_jetpack_memberships_contains_paid_content":false,"footnotes":"","_members_access_role":[],"_members_access_error":""},"categories":[40216],"tags":[21],"class_list":["post-468364","post","type-post","status-publish","format-standard","has-post-thumbnail","category-dominican-news","tag-luis-abinader"],"acf":[],"jetpack_sharing_enabled":true,"jetpack_shortlink":"https:\/\/wp.me\/phj1q1-1XQg","jetpack_featured_media_url":"https:\/\/deultimominuto.com\/en\/wp-content\/uploads\/sites\/2\/2025\/05\/Captura-de-pantalla-2025-05-19-182044.jpg","dum_api":{"author_name":"Arelis Suero","author_image":"https:\/\/deultimominuto.com\/wp-content\/uploads\/2024\/03\/cropped-cropped-Diseno-sin-titulo-41-96x96.jpg","categories_name":["Dominican News"],"featured_media_url":"https:\/\/cdn.deultimominuto.com\/en\/wp-content\/uploads\/sites\/2\/2025\/05\/Captura-de-pantalla-2025-05-19-182044.jpg"},"_links":{"self":[{"href":"https:\/\/deultimominuto.com\/en\/wp-json\/wp\/v2\/posts\/468364","targetHints":{"allow":["GET"]}}],"collection":[{"href":"https:\/\/deultimominuto.com\/en\/wp-json\/wp\/v2\/posts"}],"about":[{"href":"https:\/\/deultimominuto.com\/en\/wp-json\/wp\/v2\/types\/post"}],"author":[{"embeddable":true,"href":"https:\/\/deultimominuto.com\/en\/wp-json\/wp\/v2\/users\/27"}],"replies":[{"embeddable":true,"href":"https:\/\/deultimominuto.com\/en\/wp-json\/wp\/v2\/comments?post=468364"}],"version-history":[{"count":0,"href":"https:\/\/deultimominuto.com\/en\/wp-json\/wp\/v2\/posts\/468364\/revisions"}],"wp:featuredmedia":[{"embeddable":true,"href":"https:\/\/deultimominuto.com\/en\/wp-json\/wp\/v2\/media\/468366"}],"wp:attachment":[{"href":"https:\/\/deultimominuto.com\/en\/wp-json\/wp\/v2\/media?parent=468364"}],"wp:term":[{"taxonomy":"category","embeddable":true,"href":"https:\/\/deultimominuto.com\/en\/wp-json\/wp\/v2\/categories?post=468364"},{"taxonomy":"post_tag","embeddable":true,"href":"https:\/\/deultimominuto.com\/en\/wp-json\/wp\/v2\/tags?post=468364"}],"curies":[{"name":"wp","href":"https:\/\/api.w.org\/{rel}","templated":true}]}}