{"id":468440,"date":"2025-05-20T20:00:56","date_gmt":"2025-05-21T00:00:56","guid":{"rendered":"https:\/\/deultimominuto.net\/en\/uncategorized\/raquel-pena-returns-to-the-country-after-representing-the-dominican-republic-at-the-mass-for-the-beginning-of-the-pontificate\/"},"modified":"2025-05-20T20:00:56","modified_gmt":"2025-05-21T00:00:56","slug":"raquel-pena-returns-to-the-country-after-representing-the-dominican-republic-at-the-mass-for-the-beginning-of-the-pontificate","status":"publish","type":"post","link":"https:\/\/deultimominuto.com\/en\/dominican-news\/raquel-pena-returns-to-the-country-after-representing-the-dominican-republic-at-the-mass-for-the-beginning-of-the-pontificate\/","title":{"rendered":"Raquel Pe\u00f1a returns to the country after representing the Dominican Republic at the mass for the beginning of the pontificate"},"content":{"rendered":"\n<p class=\"wp-block-paragraph\"><strong>Santo Domingo, RD.<\/strong> &#8211; The Vice President of the <strong>Republic, Raquel Pe\u00f1a<\/strong>, is already in the country after concluding her diplomatic agenda in the Vatican, which included participation in the ceremony for the beginning of the pontificate of <strong>Pope Leo XIV.<\/strong><\/p>\n\n\n\n<p class=\"wp-block-paragraph\">Pe\u00f1a arrived in Santo Domingo after 6:00 p.m., at the Las Am\u00e9ricas International Airport Dr. Jos\u00e9 Francisco Pe\u00f1a G\u00f3mez and was received by Brigadier General Pilot <strong>Enmanuel Souffront Tamayo, FARD, director of the Specialized Body in Airport and Civil Aviation Security (CESAC).<\/strong><\/p>\n\n\n\n<p class=\"wp-block-paragraph\"><strong>You may be interested in<\/strong>: <a href=\"https:\/\/ab.deultimominuto.net\/tag\/raquel-arbaje-lamenta-profundamente-muerte-de-jorge-mera\/\" data-type=\"post_tag\" data-id=\"14419\" target=\"_blank\" rel=\"noopener\">Raquel Arbaje deeply regrets the death of Jorge Mera<\/a><\/p>\n\n\n\n<p class=\"wp-block-paragraph\">The Vice President returns after representing the Dominican Republic at the solemn enthronement mass and personally extending congratulations and the sentiments of the Dominican people upon the selection of Cardinal Robert Prevost as Supreme Pontiff.<\/p>\n\n\n\n<p class=\"wp-block-paragraph\">Within the framework of the diplomatic mission, the vice president met with the Vatican&#8217;s Secretary of State, Cardinal Pietro Parolin, with whom she discussed issues of mutual interest, in addition to highlighting the relevance of the values they share.<\/p>\n\n\n\n<p class=\"wp-block-paragraph\">Likewise, he also visited the tomb of Pope Francis, in the Basilica of Saint Mary Major, in Rome, who passed away on April 21st.<\/p>\n\n\n\n<p class=\"wp-block-paragraph\">Subsequently, Raquel Pe\u00f1a met with Dominican priests studying in Rome with specializations focused on strengthening faith and with the diplomatic and administrative staff of the Embassy of the Dominican Republic in Italy, thanking them for their dedication and commitment to the dignified representation of the country.<\/p>\n","protected":false},"excerpt":{"rendered":"<p>Santo Domingo, RD. &#8211; The Vice President of the Republic, Raquel Pe\u00f1a, is already in the country after concluding her diplomatic agenda in the Vatican, which included participation in the ceremony for the beginning of the pontificate of Pope Leo XIV. Pe\u00f1a arrived in Santo Domingo after 6:00 p.m., at the Las Am\u00e9ricas International Airport [&hellip;]<\/p>\n","protected":false},"author":4,"featured_media":468441,"comment_status":"open","ping_status":"open","sticky":false,"template":"","format":"standard","meta":{"_acf_changed":false,"_jetpack_newsletter_access":"","_jetpack_dont_email_post_to_subs":false,"_jetpack_newsletter_tier_id":0,"_jetpack_memberships_contains_paywalled_content":false,"_jetpack_memberships_contains_paid_content":false,"footnotes":"","_members_access_role":[],"_members_access_error":""},"categories":[40216],"tags":[1830],"class_list":["post-468440","post","type-post","status-publish","format-standard","has-post-thumbnail","category-dominican-news","tag-raquel-pena"],"acf":[],"jetpack_sharing_enabled":true,"jetpack_shortlink":"https:\/\/wp.me\/phj1q1-1XRu","jetpack_featured_media_url":"https:\/\/deultimominuto.com\/en\/wp-content\/uploads\/sites\/2\/2025\/05\/WhatsApp-Image-2025-05-20-at-7.35.13-PM.jpeg","dum_api":{"author_name":"Redacci\u00f3n De \u00daltimo Minuto","author_image":"https:\/\/deultimominuto.com\/wp-content\/uploads\/2025\/02\/cropped-logo-de-ultimo-minuto-96x96.png","categories_name":["Dominican News"],"featured_media_url":"https:\/\/cdn.deultimominuto.com\/en\/wp-content\/uploads\/sites\/2\/2025\/05\/WhatsApp-Image-2025-05-20-at-7.35.13-PM.jpeg"},"_links":{"self":[{"href":"https:\/\/deultimominuto.com\/en\/wp-json\/wp\/v2\/posts\/468440","targetHints":{"allow":["GET"]}}],"collection":[{"href":"https:\/\/deultimominuto.com\/en\/wp-json\/wp\/v2\/posts"}],"about":[{"href":"https:\/\/deultimominuto.com\/en\/wp-json\/wp\/v2\/types\/post"}],"author":[{"embeddable":true,"href":"https:\/\/deultimominuto.com\/en\/wp-json\/wp\/v2\/users\/4"}],"replies":[{"embeddable":true,"href":"https:\/\/deultimominuto.com\/en\/wp-json\/wp\/v2\/comments?post=468440"}],"version-history":[{"count":0,"href":"https:\/\/deultimominuto.com\/en\/wp-json\/wp\/v2\/posts\/468440\/revisions"}],"wp:featuredmedia":[{"embeddable":true,"href":"https:\/\/deultimominuto.com\/en\/wp-json\/wp\/v2\/media\/468441"}],"wp:attachment":[{"href":"https:\/\/deultimominuto.com\/en\/wp-json\/wp\/v2\/media?parent=468440"}],"wp:term":[{"taxonomy":"category","embeddable":true,"href":"https:\/\/deultimominuto.com\/en\/wp-json\/wp\/v2\/categories?post=468440"},{"taxonomy":"post_tag","embeddable":true,"href":"https:\/\/deultimominuto.com\/en\/wp-json\/wp\/v2\/tags?post=468440"}],"curies":[{"name":"wp","href":"https:\/\/api.w.org\/{rel}","templated":true}]}}