{"id":470348,"date":"2025-06-05T15:26:31","date_gmt":"2025-06-05T19:26:31","guid":{"rendered":"https:\/\/deultimominuto.net\/en\/uncategorized\/musk-lashes-out-at-trump-and-says-that-without-his-support-he-would-have-lost-the-elections-in-the-u-s\/"},"modified":"2025-06-05T15:26:31","modified_gmt":"2025-06-05T19:26:31","slug":"musk-lashes-out-at-trump-and-says-that-without-his-support-he-would-have-lost-the-elections-in-the-u-s","status":"publish","type":"post","link":"https:\/\/deultimominuto.com\/en\/international\/musk-lashes-out-at-trump-and-says-that-without-his-support-he-would-have-lost-the-elections-in-the-u-s\/","title":{"rendered":"Musk lashes out at Trump and says that without his support &#8220;he would have lost the elections&#8221; in the U.S."},"content":{"rendered":"<strong>Washington.-<\/strong> The <strong>tech magnate <a href=\"https:\/\/ab.deultimominuto.net\/historia\/biografias\/quien-es-elon-musk\/\" data-type=\"link\" data-id=\"https:\/\/ab.deultimominuto.net\/historia\/biografias\/quien-es-elon-musk\/\" target=\"_blank\" rel=\"noopener\">Elon Musk<\/a><\/strong> accused his former ally, the U.S. president, <a href=\"https:\/\/ab.deultimominuto.net\/historia\/biografias\/quien-es-donald-trump-el-empresario-y-politico-que-volvera-a-ser-presidente-de-eeuu\/\" data-type=\"link\" data-id=\"https:\/\/ab.deultimominuto.net\/historia\/biografias\/quien-es-donald-trump-el-empresario-y-politico-que-volvera-a-ser-presidente-de-eeuu\/\" target=\"_blank\" rel=\"noopener\"><strong>Donald Trump<\/strong>,<\/a> of showing &#8220;ingratitude&#8221; and said that without his support, he <strong>&#8220;would have lost the elections&#8221;<\/strong> that brought him back to the White House.\n\n\n<blockquote class=\"wp-block-quote is-layout-flow wp-block-quote-is-layout-flow\">\n<p class=\"wp-block-paragraph\">&#8220;Without me, Trump would have lost the election, the Democrats would have controlled the House of Representatives, and the Republicans would have remained at 51-49 in the Senate,&#8221; Musk posted on the social network X, which he owns.<\/p>\n<\/blockquote>\n\n\n\n<p class=\"wp-block-paragraph\">The richest man in the world, who spent at least <strong>250 million dollars on the campaign to re-elect Trump<\/strong>, showed his displeasure in response to the words of the president this Thursday, who expressed how &#8220;disappointed&#8221; he is with the South African for his comments against his controversial fiscal and budgetary plan, now under debate in the Senate.<\/p>\n\n\n\n<p class=\"wp-block-paragraph\">Shortly after, in the same conversation on X, Musk wrote <strong>&#8220;what ingratitude&#8221; <\/strong>in the face of the perplexity of his millions of followers, who asked the platform&#8217;s artificial intelligence bot Grok what was happening.<\/p>\n\n\n\n<p class=\"wp-block-paragraph\">What triggered the disagreement between the former close collaborators was the bill called by Trump as <strong>&#8216;Great and beautiful bill&#8217;<\/strong>, which according to estimates by the Congressional Budget Office will increase the country&#8217;s debt by 2.4 trillion dollars over the next decade.<\/p>\n\n\n\n<p class=\"wp-block-paragraph\"><strong>You may be interested in:<\/strong> <a href=\"https:\/\/ab.deultimominuto.net\/internacionales\/trump-musk-2\/\" data-type=\"link\" data-id=\"https:\/\/ab.deultimominuto.net\/internacionales\/trump-musk-2\/\" target=\"_blank\" rel=\"noopener\">The &#8216;bromance&#8217; Trump-Musk collapses amid mutual accusations over the tax plan<\/a><\/p>\n\n\n\n<p class=\"wp-block-paragraph\">Musk ya hab\u00eda dicho que la aprobaci\u00f3n de la propuesta por la C\u00e1mara Baja del Congreso &#8220;socavaba&#8221; su trabajo como asesor del Gobierno y l\u00edder del<strong> Departamento de Eficiencia Gubernamental (DOGE)<\/strong> para reducir el despilfarro de los fondos federales.<\/p>\n\n\n\n<p class=\"wp-block-paragraph\">The magnate stepped down from his position as a temporary employee of the Administration last Friday in a ceremony at the Oval Office where Trump and Musk showered each other with praise.<\/p>\n","protected":false},"excerpt":{"rendered":"<p>Washington.- The tech magnate Elon Musk accused his former ally, the U.S. president, Donald Trump, of showing &#8220;ingratitude&#8221; and said that without his support, he &#8220;would have lost the elections&#8221; that brought him back to the White House. &#8220;Without me, Trump would have lost the election, the Democrats would have controlled the House of Representatives, [&hellip;]<\/p>\n","protected":false},"author":3,"featured_media":470349,"comment_status":"open","ping_status":"open","sticky":false,"template":"","format":"standard","meta":{"_acf_changed":false,"_jetpack_newsletter_access":"","_jetpack_dont_email_post_to_subs":false,"_jetpack_newsletter_tier_id":0,"_jetpack_memberships_contains_paywalled_content":false,"_jetpack_memberships_contains_paid_content":false,"footnotes":"","_members_access_role":[],"_members_access_error":""},"categories":[95],"tags":[15925,13754],"class_list":["post-470348","post","type-post","status-publish","format-standard","has-post-thumbnail","category-international","tag-donald-trump","tag-elon-musk"],"acf":[],"jetpack_sharing_enabled":true,"jetpack_shortlink":"https:\/\/wp.me\/phj1q1-1Ymg","jetpack_featured_media_url":"https:\/\/deultimominuto.com\/en\/wp-content\/uploads\/sites\/2\/2025\/06\/Post-de-Instagram-Feliz-Cumpleanos-Sencillo-Minimalista-Azul-1000-x-500-px-51.jpg","dum_api":{"author_name":"EFE","author_image":"https:\/\/deultimominuto.com\/wp-content\/uploads\/2021\/08\/1200px-EFE_logo.svg-96x96.png","categories_name":["International"],"featured_media_url":"https:\/\/cdn.deultimominuto.com\/en\/wp-content\/uploads\/sites\/2\/2025\/06\/Post-de-Instagram-Feliz-Cumpleanos-Sencillo-Minimalista-Azul-1000-x-500-px-51.jpg"},"_links":{"self":[{"href":"https:\/\/deultimominuto.com\/en\/wp-json\/wp\/v2\/posts\/470348","targetHints":{"allow":["GET"]}}],"collection":[{"href":"https:\/\/deultimominuto.com\/en\/wp-json\/wp\/v2\/posts"}],"about":[{"href":"https:\/\/deultimominuto.com\/en\/wp-json\/wp\/v2\/types\/post"}],"author":[{"embeddable":true,"href":"https:\/\/deultimominuto.com\/en\/wp-json\/wp\/v2\/users\/3"}],"replies":[{"embeddable":true,"href":"https:\/\/deultimominuto.com\/en\/wp-json\/wp\/v2\/comments?post=470348"}],"version-history":[{"count":0,"href":"https:\/\/deultimominuto.com\/en\/wp-json\/wp\/v2\/posts\/470348\/revisions"}],"wp:featuredmedia":[{"embeddable":true,"href":"https:\/\/deultimominuto.com\/en\/wp-json\/wp\/v2\/media\/470349"}],"wp:attachment":[{"href":"https:\/\/deultimominuto.com\/en\/wp-json\/wp\/v2\/media?parent=470348"}],"wp:term":[{"taxonomy":"category","embeddable":true,"href":"https:\/\/deultimominuto.com\/en\/wp-json\/wp\/v2\/categories?post=470348"},{"taxonomy":"post_tag","embeddable":true,"href":"https:\/\/deultimominuto.com\/en\/wp-json\/wp\/v2\/tags?post=470348"}],"curies":[{"name":"wp","href":"https:\/\/api.w.org\/{rel}","templated":true}]}}