{"id":470360,"date":"2025-06-05T17:49:48","date_gmt":"2025-06-05T21:49:48","guid":{"rendered":"https:\/\/deultimominuto.net\/en\/uncategorized\/dominican-cigar-expo-2025-promotes-the-best-dominican-tobacco-for-the-world\/"},"modified":"2025-06-05T17:49:48","modified_gmt":"2025-06-05T21:49:48","slug":"dominican-cigar-expo-2025-promotes-the-best-dominican-tobacco-for-the-world","status":"publish","type":"post","link":"https:\/\/deultimominuto.com\/en\/uncategorized\/dominican-cigar-expo-2025-promotes-the-best-dominican-tobacco-for-the-world\/","title":{"rendered":"Dominican Cigar Expo 2025, promotes the best Dominican tobacco for the world"},"content":{"rendered":"\n<p class=\"wp-block-paragraph\"><strong>Santiago<\/strong>.- With an innovative and visionary proposal comes \u201c<strong><a href=\"https:\/\/adocitab.com.do\/dominicancigarexpo\/\" data-type=\"link\" data-id=\"https:\/\/adocitab.com.do\/dominicancigarexpo\/\" target=\"_blank\" rel=\"noopener\">Dominican Cigar Expo 2025<\/a><\/strong>\u201d, debuting a new venue in the city of Santiago de los Caballeros and with multiple activities open to professionals and enthusiasts of the tobacco sector.<\/p>\n\n\nDominican Cigar Expo 2025 will take place from June 20 to 22 at Parque Central in Santiago.\n\n\n<p class=\"wp-block-paragraph\">This is a conducive space for networking among producers, entrepreneurs, distributors, consumers, suppliers, and other key players in the sector in the country, as well as a window to reaffirm to the world the leadership of Dominican tobacco.<br>&nbsp;<br>The president of the Dominican Association of Cigars and Tobacco (ADOCITAB), Osvaldo Radham\u00e9s Rodr\u00edguez, led the protocol part, stating that the festival is a world-class exhibition that honors the economic, cultural, and social importance of Dominican tobacco, declared by law as Cultural Heritage of the Nation.<\/p>\n\n\n\n<p class=\"has-text-align-center wp-block-paragraph\"><strong>You can also read: <a href=\"https:\/\/ab.deultimominuto.net\/estilo\/adoarh-humanamente-inteligente\/\" target=\"_blank\" rel=\"noopener\">ADOARH kicks off the &#8220;Humanly Intelligent&#8221; Congress<\/a><\/strong><\/p>\n\n\n\n<p class=\"wp-block-paragraph\">The welcoming remarks were delivered by Elva Rosa, ADOCITAB secretary, while Francisco Matos, operational technical director, explained all the details of the Dominican Cigar Expo setup. Iv\u00e1n Hern\u00e1ndez Guzm\u00e1n, Intabaco director, gave the closing remarks.<br>&nbsp;<br>The expo is aimed at authorities, shop owners, producers, accessory manufacturers, entrepreneurs in the area, tobacco growers, and tobacco enthusiasts, both nationally and internationally.<\/p>\n\n\n\n<p class=\"wp-block-paragraph\">For this new edition, attendees will be able to enjoy a multisensory experience with tastings, specialized talks, pairings, tastings, gastronomic and artistic proposals.<br>&nbsp;<br>The Dominican Cigar Expo is strengthened this year with the presence of guests and entities from different parts of the world that confirm the prestige and international importance of the Dominican tobacco industry.<br>&nbsp;<br>For three days, attendees and participants will find multiple opportunities to connect with the protagonists of this vibrant industry.<br>&nbsp;<br>The tobacco day is under the organization of the company Savit and tickets are available through Boletu.com, and all the details can be found on the Instagram profile.<\/p>\n\n\n\n<figure class=\"wp-block-gallery has-nested-images columns-default is-cropped wp-block-gallery-1 is-layout-flex wp-block-gallery-is-layout-flex\">\n<figure class=\"wp-block-image size-large\"><img decoding=\"async\" data-id=\"485684\" src=\"https:\/\/ab.deultimominuto.net\/wp-content\/uploads\/2025\/06\/WhatsApp-Image-2025-06-05-at-1.56.45-PM-1024x768.jpeg\" alt=\"\" class=\"wp-image-485684\" title=\"\"><\/figure>\n\n\n\n<figure class=\"wp-block-image size-large\"><img decoding=\"async\" data-id=\"485685\" src=\"https:\/\/ab.deultimominuto.net\/wp-content\/uploads\/2025\/06\/WhatsApp-Image-2025-06-05-at-1.56.44-PM-1024x768.jpeg\" alt=\"\" class=\"wp-image-485685\" title=\"\"><\/figure>\n<\/figure>\n","protected":false},"excerpt":{"rendered":"<p>Santiago.- With an innovative and visionary proposal comes \u201cDominican Cigar Expo 2025\u201d, debuting a new venue in the city of Santiago de los Caballeros and with multiple activities open to professionals and enthusiasts of the tobacco sector. Dominican Cigar Expo 2025 will take place from June 20 to 22 at Parque Central in Santiago. This [&hellip;]<\/p>\n","protected":false},"author":133543,"featured_media":474542,"comment_status":"open","ping_status":"open","sticky":false,"template":"","format":"standard","meta":{"_acf_changed":false,"_jetpack_newsletter_access":"","_jetpack_dont_email_post_to_subs":false,"_jetpack_newsletter_tier_id":0,"_jetpack_memberships_contains_paywalled_content":false,"_jetpack_memberships_contains_paid_content":false,"footnotes":"","_members_access_role":[],"_members_access_error":""},"categories":[1],"tags":[],"class_list":["post-470360","post","type-post","status-publish","format-standard","has-post-thumbnail","category-uncategorized"],"acf":[],"jetpack_sharing_enabled":true,"jetpack_shortlink":"https:\/\/wp.me\/phj1q1-1Yms","jetpack_featured_media_url":"https:\/\/deultimominuto.com\/en\/wp-content\/uploads\/sites\/2\/2025\/06\/WhatsApp-Image-2025-06-05-at-1.56.45-PM.jpeg","dum_api":{"author_name":"Carolina \u00c1lvarez","author_image":"https:\/\/deultimominuto.com\/wp-content\/uploads\/2026\/05\/cropped-WhatsApp-Image-2026-05-26-at-5.31.57-PM-96x96.jpeg","categories_name":["Uncategorized"],"featured_media_url":"https:\/\/cdn.deultimominuto.com\/en\/wp-content\/uploads\/sites\/2\/2025\/06\/WhatsApp-Image-2025-06-05-at-1.56.45-PM.jpeg"},"_links":{"self":[{"href":"https:\/\/deultimominuto.com\/en\/wp-json\/wp\/v2\/posts\/470360","targetHints":{"allow":["GET"]}}],"collection":[{"href":"https:\/\/deultimominuto.com\/en\/wp-json\/wp\/v2\/posts"}],"about":[{"href":"https:\/\/deultimominuto.com\/en\/wp-json\/wp\/v2\/types\/post"}],"author":[{"embeddable":true,"href":"https:\/\/deultimominuto.com\/en\/wp-json\/wp\/v2\/users\/133543"}],"replies":[{"embeddable":true,"href":"https:\/\/deultimominuto.com\/en\/wp-json\/wp\/v2\/comments?post=470360"}],"version-history":[{"count":0,"href":"https:\/\/deultimominuto.com\/en\/wp-json\/wp\/v2\/posts\/470360\/revisions"}],"wp:featuredmedia":[{"embeddable":true,"href":"https:\/\/deultimominuto.com\/en\/wp-json\/wp\/v2\/media\/474542"}],"wp:attachment":[{"href":"https:\/\/deultimominuto.com\/en\/wp-json\/wp\/v2\/media?parent=470360"}],"wp:term":[{"taxonomy":"category","embeddable":true,"href":"https:\/\/deultimominuto.com\/en\/wp-json\/wp\/v2\/categories?post=470360"},{"taxonomy":"post_tag","embeddable":true,"href":"https:\/\/deultimominuto.com\/en\/wp-json\/wp\/v2\/tags?post=470360"}],"curies":[{"name":"wp","href":"https:\/\/api.w.org\/{rel}","templated":true}]}}