{"id":470361,"date":"2025-06-05T18:10:41","date_gmt":"2025-06-05T22:10:41","guid":{"rendered":"https:\/\/deultimominuto.net\/en\/uncategorized\/abinader-calls-for-national-dialogue-in-the-face-of-haitian-crisis-in-ces-session-we-are-united-by-a-duty-that-brooks-no-delay\/"},"modified":"2025-06-05T18:10:41","modified_gmt":"2025-06-05T22:10:41","slug":"abinader-calls-for-national-dialogue-in-the-face-of-haitian-crisis-in-ces-session-we-are-united-by-a-duty-that-brooks-no-delay","status":"publish","type":"post","link":"https:\/\/deultimominuto.com\/en\/uncategorized\/abinader-calls-for-national-dialogue-in-the-face-of-haitian-crisis-in-ces-session-we-are-united-by-a-duty-that-brooks-no-delay\/","title":{"rendered":"Abinader calls for national dialogue in the face of Haitian crisis in CES session: &#8220;We are united by a duty that brooks no delay&#8221;"},"content":{"rendered":"\n<p class=\"wp-block-paragraph\"><strong>Santo Domingo<\/strong>. \u2014 President <a href=\"https:\/\/presidencia.gob.do\/presidencia\/luis-abinader\" data-type=\"link\" data-id=\"https:\/\/presidencia.gob.do\/presidencia\/luis-abinader\" target=\"_blank\" rel=\"noopener\">Luis Abinader <\/a>led an extraordinary session of the <a href=\"https:\/\/ces.gob.do\/\" data-type=\"link\" data-id=\"https:\/\/ces.gob.do\/\" target=\"_blank\" rel=\"noopener\">Economic and Social Council<\/a> (CES) this Thursday, where he raised the need for a national response to the effects of the Haitian crisis on the Dominican Republic.<\/p>\n\n\nAccompanied by former presidents Leonel Fern\u00e1ndez, <a href=\"https:\/\/ab.deultimominuto.net\/historia\/biografias\/hipolito-mejia\/\" data-type=\"link\" data-id=\"https:\/\/ab.deultimominuto.net\/historia\/biografias\/hipolito-mejia\/\" target=\"_blank\" rel=\"noopener\">Hip\u00f3lito Mej\u00eda<\/a> and Danilo Medina, as well as representatives of the three branches of government and various social sectors, Abinader warned about the risks posed by the institutional collapse of Haiti, especially in terms of migration, security, and trade.\n\n\n<figure class=\"wp-block-pullquote\"><blockquote><p>\u201cLa frontera no es donde termina la Rep\u00fablica Dominicana. Es donde comienza\u201d, afirm\u00f3 el mandatario, al defender el desarrollo de las comunidades fronterizas como estrategia de estabilidad y control territorial.<\/p><\/blockquote><\/figure>\n\n\nAmong the priority issues identified are the modernization of the immigration system, the regulation of bilateral trade, the fight against smuggling, and national security against possible transnational threats.\n\nThe president also urged greater participation from the international community in the institutional and economic reconstruction of Haiti, and proposed a comprehensive approach that combines vigilance, social investment, and respect for the law.\n\n\n<p class=\"wp-block-paragraph\">Over the next few days, the CES will debate concrete proposals in search of consensus to address the crisis from a national and sustainable approach.<\/p>\n\n\n<div class=\"wp-block-image\">\n<figure class=\"aligncenter size-large is-resized\"><img decoding=\"async\" src=\"https:\/\/ab.deultimominuto.net\/wp-content\/uploads\/2025\/06\/WhatsApp-Image-2025-06-05-at-2.33.43-PM-1024x682.jpeg\" alt=\"Abinader llama a di\u00e1logo nacional ante crisis haitiana en sesi\u00f3n del CES: \u201cNos re\u00fane un deber que no admite dilaci\u00f3n\u201d\" class=\"wp-image-485688\" style=\"width:1024px;height:auto\" title=\"\"><\/figure>\n<\/div>\n\n\n<h2 class=\"wp-block-heading has-text-align-center\">Abinader calls for national dialogue in the face of Haitian crisis<\/h2>\n","protected":false},"excerpt":{"rendered":"<p>Santo Domingo. \u2014 President Luis Abinader led an extraordinary session of the Economic and Social Council (CES) this Thursday, where he raised the need for a national response to the effects of the Haitian crisis on the Dominican Republic. Accompanied by former presidents Leonel Fern\u00e1ndez, Hip\u00f3lito Mej\u00eda and Danilo Medina, as well as representatives of [&hellip;]<\/p>\n","protected":false},"author":133543,"featured_media":474541,"comment_status":"open","ping_status":"open","sticky":false,"template":"","format":"standard","meta":{"_acf_changed":false,"_jetpack_newsletter_access":"","_jetpack_dont_email_post_to_subs":false,"_jetpack_newsletter_tier_id":0,"_jetpack_memberships_contains_paywalled_content":false,"_jetpack_memberships_contains_paid_content":false,"footnotes":"","_members_access_role":[],"_members_access_error":""},"categories":[1],"tags":[],"class_list":["post-470361","post","type-post","status-publish","format-standard","has-post-thumbnail","category-uncategorized"],"acf":[],"jetpack_sharing_enabled":true,"jetpack_shortlink":"https:\/\/wp.me\/phj1q1-1Ymt","jetpack_featured_media_url":"https:\/\/deultimominuto.com\/en\/wp-content\/uploads\/sites\/2\/2025\/06\/WhatsApp-Image-2025-06-05-at-2.33.43-PM.jpeg","dum_api":{"author_name":"Carolina \u00c1lvarez","author_image":"https:\/\/deultimominuto.com\/wp-content\/uploads\/2026\/05\/cropped-WhatsApp-Image-2026-05-26-at-5.31.57-PM-96x96.jpeg","categories_name":["Uncategorized"],"featured_media_url":"https:\/\/cdn.deultimominuto.com\/en\/wp-content\/uploads\/sites\/2\/2025\/06\/WhatsApp-Image-2025-06-05-at-2.33.43-PM.jpeg"},"_links":{"self":[{"href":"https:\/\/deultimominuto.com\/en\/wp-json\/wp\/v2\/posts\/470361","targetHints":{"allow":["GET"]}}],"collection":[{"href":"https:\/\/deultimominuto.com\/en\/wp-json\/wp\/v2\/posts"}],"about":[{"href":"https:\/\/deultimominuto.com\/en\/wp-json\/wp\/v2\/types\/post"}],"author":[{"embeddable":true,"href":"https:\/\/deultimominuto.com\/en\/wp-json\/wp\/v2\/users\/133543"}],"replies":[{"embeddable":true,"href":"https:\/\/deultimominuto.com\/en\/wp-json\/wp\/v2\/comments?post=470361"}],"version-history":[{"count":0,"href":"https:\/\/deultimominuto.com\/en\/wp-json\/wp\/v2\/posts\/470361\/revisions"}],"wp:featuredmedia":[{"embeddable":true,"href":"https:\/\/deultimominuto.com\/en\/wp-json\/wp\/v2\/media\/474541"}],"wp:attachment":[{"href":"https:\/\/deultimominuto.com\/en\/wp-json\/wp\/v2\/media?parent=470361"}],"wp:term":[{"taxonomy":"category","embeddable":true,"href":"https:\/\/deultimominuto.com\/en\/wp-json\/wp\/v2\/categories?post=470361"},{"taxonomy":"post_tag","embeddable":true,"href":"https:\/\/deultimominuto.com\/en\/wp-json\/wp\/v2\/tags?post=470361"}],"curies":[{"name":"wp","href":"https:\/\/api.w.org\/{rel}","templated":true}]}}