{"id":470612,"date":"2025-06-07T20:38:12","date_gmt":"2025-06-08T00:38:12","guid":{"rendered":"https:\/\/deultimominuto.net\/en\/uncategorized\/suspected-perpetrator-of-shots-against-colombian-presidential-candidate-miguel-uribe-arrested\/"},"modified":"2025-06-07T20:57:15","modified_gmt":"2025-06-08T00:57:15","slug":"suspected-perpetrator-of-shots-against-colombian-presidential-candidate-miguel-uribe-arrested","status":"publish","type":"post","link":"https:\/\/deultimominuto.com\/en\/international\/suspected-perpetrator-of-shots-against-colombian-presidential-candidate-miguel-uribe-arrested\/","title":{"rendered":"Suspected perpetrator of shots against Colombian presidential candidate Miguel Uribe arrested"},"content":{"rendered":"\n<p class=\"wp-block-paragraph\"><strong>Bogot\u00e1.- <\/strong>Colombian authorities arrested this Saturday in Bogot\u00e1 the <strong>person who allegedly shot Senator Miguel Uribe Turbay<\/strong>, one of the presidential candidates of the Uribista party <a href=\"https:\/\/www.centrodemocratico.com\/\" data-type=\"link\" data-id=\"https:\/\/www.centrodemocratico.com\/\" target=\"_blank\" rel=\"noopener\">Democratic Center<\/a> (right), who is seriously injured and is being treated in a clinic in the capital.<\/p>\n\n\n\n<p class=\"wp-block-paragraph\">&#8220;Senator Miguel Uribe is being treated in the emergency room after being the victim of an attack in the afternoon in Fontib\u00f3n. <strong>The person who fired was captured.<\/strong> The entire hospital network of Bogot\u00e1 is on alert in case a transfer is required,&#8221; said the mayor of Bogot\u00e1, Carlos Fernando Gal\u00e1n, on the social network X.&nbsp;<\/p>\n\n\n\n<figure class=\"wp-block-embed is-type-rich is-provider-twitter wp-block-embed-twitter\"><div class=\"wp-block-embed__wrapper\">\n<blockquote class=\"twitter-tweet\" data-width=\"550\" data-dnt=\"true\"><p lang=\"es\" dir=\"ltr\">El senador Miguel Uribe est\u00e1 siendo atendido de urgencia, luego de ser v\u00edctima de un atentado en horas de la tarde en Fontib\u00f3n. La persona que dispar\u00f3 fue capturada. Toda la red hospitalaria de Bogot\u00e1 est\u00e1 en alerta en caso de requerir un traslado.<br><br>Toda mi solidaridad con el\u2026<\/p>&mdash; Carlos F. Gal\u00e1n (@CarlosFGalan) <a href=\"https:\/\/x.com\/CarlosFGalan\/status\/1931497093987770426?ref_src=twsrc%5Etfw\">June 7, 2025<\/a><\/blockquote><script async src=\"https:\/\/platform.x.com\/widgets.js\" charset=\"utf-8\"><\/script>\n<\/div><\/figure>\n\n\nUribe Turbay, 39 years old, <strong>received several gunshot wounds while campaigning in a park in the Modelia neighborhood<\/strong>, in western Bogot\u00e1, and was taken seriously injured to the Medicentro Clinic by his collaborators, who in videos released on social media, are seen carrying him amidst tears.\n\n\n<blockquote class=\"wp-block-quote is-layout-flow wp-block-quote-is-layout-flow\">\n<p class=\"wp-block-paragraph\">&#8220;All my solidarity with Senator Miguel Uribe and his family,&#8221; added the mayor of Bogot\u00e1.<\/p>\n<\/blockquote>\n\n\nUribe Turbay is a <strong>politician close to former President \u00c1lvaro Uribe<\/strong> and one of the most severe critics of the Colombian president, Gustavo Petro, especially due to the deterioration of security in the country.\n\n\n<p class=\"wp-block-paragraph\">The senator, who was the most voted congressman in the 2022 elections, is the son of Diana Turbay, a journalist who was kidnapped and murdered in 1991 by drug traffickers in the service of Pablo Escobar, and grandson of former President Julio C\u00e9sar Turbay, who governed the country between 1978 and 1982. EFE<\/p>\n","protected":false},"excerpt":{"rendered":"<p>Bogot\u00e1.- Colombian authorities arrested this Saturday in Bogot\u00e1 the person who allegedly shot Senator Miguel Uribe Turbay, one of the presidential candidates of the Uribista party Democratic Center (right), who is seriously injured and is being treated in a clinic in the capital. &#8220;Senator Miguel Uribe is being treated in the emergency room after being [&hellip;]<\/p>\n","protected":false},"author":3,"featured_media":470614,"comment_status":"open","ping_status":"open","sticky":false,"template":"","format":"standard","meta":{"_acf_changed":false,"_jetpack_newsletter_access":"","_jetpack_dont_email_post_to_subs":false,"_jetpack_newsletter_tier_id":0,"_jetpack_memberships_contains_paywalled_content":false,"_jetpack_memberships_contains_paid_content":false,"footnotes":"","_members_access_role":[],"_members_access_error":""},"categories":[95],"tags":[41137,13631,41138],"class_list":["post-470612","post","type-post","status-publish","format-standard","has-post-thumbnail","category-international","tag-applicant","tag-colombia","tag-shots"],"acf":[],"jetpack_sharing_enabled":true,"jetpack_shortlink":"https:\/\/wp.me\/phj1q1-1Yqw","jetpack_featured_media_url":"https:\/\/deultimominuto.com\/en\/wp-content\/uploads\/sites\/2\/2025\/06\/Post-de-Instagram-Feliz-Cumpleanos-Sencillo-Minimalista-Azul-1000-x-500-px-2025-06-07T203632.715.jpg","dum_api":{"author_name":"EFE","author_image":"https:\/\/deultimominuto.com\/wp-content\/uploads\/2021\/08\/1200px-EFE_logo.svg-96x96.png","categories_name":["International"],"featured_media_url":"https:\/\/cdn.deultimominuto.com\/en\/wp-content\/uploads\/sites\/2\/2025\/06\/Post-de-Instagram-Feliz-Cumpleanos-Sencillo-Minimalista-Azul-1000-x-500-px-2025-06-07T203632.715.jpg"},"_links":{"self":[{"href":"https:\/\/deultimominuto.com\/en\/wp-json\/wp\/v2\/posts\/470612","targetHints":{"allow":["GET"]}}],"collection":[{"href":"https:\/\/deultimominuto.com\/en\/wp-json\/wp\/v2\/posts"}],"about":[{"href":"https:\/\/deultimominuto.com\/en\/wp-json\/wp\/v2\/types\/post"}],"author":[{"embeddable":true,"href":"https:\/\/deultimominuto.com\/en\/wp-json\/wp\/v2\/users\/3"}],"replies":[{"embeddable":true,"href":"https:\/\/deultimominuto.com\/en\/wp-json\/wp\/v2\/comments?post=470612"}],"version-history":[{"count":0,"href":"https:\/\/deultimominuto.com\/en\/wp-json\/wp\/v2\/posts\/470612\/revisions"}],"wp:featuredmedia":[{"embeddable":true,"href":"https:\/\/deultimominuto.com\/en\/wp-json\/wp\/v2\/media\/470614"}],"wp:attachment":[{"href":"https:\/\/deultimominuto.com\/en\/wp-json\/wp\/v2\/media?parent=470612"}],"wp:term":[{"taxonomy":"category","embeddable":true,"href":"https:\/\/deultimominuto.com\/en\/wp-json\/wp\/v2\/categories?post=470612"},{"taxonomy":"post_tag","embeddable":true,"href":"https:\/\/deultimominuto.com\/en\/wp-json\/wp\/v2\/tags?post=470612"}],"curies":[{"name":"wp","href":"https:\/\/api.w.org\/{rel}","templated":true}]}}