{"id":470676,"date":"2025-06-08T09:43:32","date_gmt":"2025-06-08T13:43:32","guid":{"rendered":"https:\/\/deultimominuto.net\/en\/uncategorized\/petro-sparks-controversy-by-calling-for-solidarity-with-the-minor-who-shot-at-uribe\/"},"modified":"2025-06-08T09:43:32","modified_gmt":"2025-06-08T13:43:32","slug":"petro-sparks-controversy-by-calling-for-solidarity-with-the-minor-who-shot-at-uribe","status":"publish","type":"post","link":"https:\/\/deultimominuto.com\/en\/international\/petro-sparks-controversy-by-calling-for-solidarity-with-the-minor-who-shot-at-uribe\/","title":{"rendered":"Petro sparks controversy by calling for solidarity with the minor who shot at Uribe"},"content":{"rendered":"\n<p class=\"wp-block-paragraph\"><strong>Colombia.-<\/strong> In an address broadcast this Sunday, President <strong>Gustavo Petro<\/strong> called on Colombian society to protect the <strong>under 15-year-old<\/strong> identified as the perpetrator of the attack that seriously injured Senator and presidential pre-candidate <strong>Miguel Uribe Turbay<\/strong>.<\/p>\n\n\n\n<p class=\"wp-block-paragraph\"><strong>\u201cThe victim&#8217;s life is in good hands, and the life of the killer, who is a child\u2026 the State&#8217;s first responsibility is to care for the minor&#8217;s life, because he is a child. Even if it seems terrible to us\u2026 if we don&#8217;t do it, we will have no homeland. The supreme good of the nation is peace,\u201d<\/strong> Petro expressed.<\/p>\n\n\n\n<p class=\"wp-block-paragraph\"><strong>You may be interested in: <\/strong><a href=\"https:\/\/ab.deultimominuto.net\/internacionales\/petro-viajara-al-vaticano-para-invitar-al-papa-leon-xiv-a-colombia\/\" data-type=\"post\" data-id=\"476378\" target=\"_blank\" rel=\"noopener\">Petro will travel to the Vatican to invite Pope Leo XIV to Colombia<\/a><\/p>\n\n\nThe president reaffirmed that the priority is to guarantee the legal and physical protection of the adolescent, as well as to ensure due process and that he provides information about possible intellectual authors of the attack. According to Petro, <strong>\u201che is going to give the names\u201d<\/strong>, referring to the statements he would have made when captured.\n\nFurthermore, he emphasized that all actions of the State should focus on <strong>preserving the life<\/strong> of Senator Uribe, his recovery, and clarifying the attack, without falling into hate speech or political vendettas.\n\n\n<p class=\"wp-block-paragraph\">The presidential message was delivered amid national shock over the assassination attempt, which left the politician in critical condition after being shot in the head and chest while leading a campaign event in Bogot\u00e1.<\/p>\n\n\n\n<figure class=\"wp-block-embed is-type-rich is-provider-twitter wp-block-embed-twitter\"><div class=\"wp-block-embed__wrapper\">\n<blockquote class=\"twitter-tweet\" data-width=\"550\" data-dnt=\"true\"><p lang=\"es\" dir=\"ltr\">OIGAN A ESTE HIJUEPUTA \ud83d\ude31<br>Petro sali\u00f3 a pedir respeto por la vida del sicario que intent\u00f3 matar a Miguel Uribe. Mientras en otros pa\u00edses los menores que asesinan son juzgados como adultos, aqu\u00ed este imb\u00e9cil aboga por el como si fueran querubines.<br>ESTAMOS LLEVADOS CON ESTE TIPO <a href=\"https:\/\/t.co\/EZiwOumWOQ\">pic.twitter.com\/EZiwOumWOQ<\/a><\/p>&mdash; Adriana Martinez (@AdrianaVeterin) <a href=\"https:\/\/x.com\/AdrianaVeterin\/status\/1931568179806867531?ref_src=twsrc%5Etfw\">June 8, 2025<\/a><\/blockquote><script async src=\"https:\/\/platform.x.com\/widgets.js\" charset=\"utf-8\"><\/script>\n<\/div><\/figure>\n","protected":false},"excerpt":{"rendered":"<p>Colombia.- In an address broadcast this Sunday, President Gustavo Petro called on Colombian society to protect the under 15-year-old identified as the perpetrator of the attack that seriously injured Senator and presidential pre-candidate Miguel Uribe Turbay. \u201cThe victim&#8217;s life is in good hands, and the life of the killer, who is a child\u2026 the State&#8217;s [&hellip;]<\/p>\n","protected":false},"author":27,"featured_media":474519,"comment_status":"open","ping_status":"open","sticky":false,"template":"","format":"standard","meta":{"_acf_changed":false,"_jetpack_newsletter_access":"","_jetpack_dont_email_post_to_subs":false,"_jetpack_newsletter_tier_id":0,"_jetpack_memberships_contains_paywalled_content":false,"_jetpack_memberships_contains_paid_content":false,"footnotes":"","_members_access_role":[],"_members_access_error":""},"categories":[95],"tags":[13631,14610],"class_list":["post-470676","post","type-post","status-publish","format-standard","has-post-thumbnail","category-international","tag-colombia","tag-gustavo-petro"],"acf":[],"jetpack_sharing_enabled":true,"jetpack_shortlink":"https:\/\/wp.me\/phj1q1-1Yry","jetpack_featured_media_url":"https:\/\/deultimominuto.com\/en\/wp-content\/uploads\/sites\/2\/2025\/06\/YTKDJQ2PCLQ4PRQKOPQXBU5SIE.avif","dum_api":{"author_name":"Arelis Suero","author_image":"https:\/\/deultimominuto.com\/wp-content\/uploads\/2024\/03\/cropped-cropped-Diseno-sin-titulo-41-96x96.jpg","categories_name":["International"],"featured_media_url":"https:\/\/cdn.deultimominuto.com\/en\/wp-content\/uploads\/sites\/2\/2025\/06\/YTKDJQ2PCLQ4PRQKOPQXBU5SIE.avif"},"_links":{"self":[{"href":"https:\/\/deultimominuto.com\/en\/wp-json\/wp\/v2\/posts\/470676","targetHints":{"allow":["GET"]}}],"collection":[{"href":"https:\/\/deultimominuto.com\/en\/wp-json\/wp\/v2\/posts"}],"about":[{"href":"https:\/\/deultimominuto.com\/en\/wp-json\/wp\/v2\/types\/post"}],"author":[{"embeddable":true,"href":"https:\/\/deultimominuto.com\/en\/wp-json\/wp\/v2\/users\/27"}],"replies":[{"embeddable":true,"href":"https:\/\/deultimominuto.com\/en\/wp-json\/wp\/v2\/comments?post=470676"}],"version-history":[{"count":0,"href":"https:\/\/deultimominuto.com\/en\/wp-json\/wp\/v2\/posts\/470676\/revisions"}],"wp:featuredmedia":[{"embeddable":true,"href":"https:\/\/deultimominuto.com\/en\/wp-json\/wp\/v2\/media\/474519"}],"wp:attachment":[{"href":"https:\/\/deultimominuto.com\/en\/wp-json\/wp\/v2\/media?parent=470676"}],"wp:term":[{"taxonomy":"category","embeddable":true,"href":"https:\/\/deultimominuto.com\/en\/wp-json\/wp\/v2\/categories?post=470676"},{"taxonomy":"post_tag","embeddable":true,"href":"https:\/\/deultimominuto.com\/en\/wp-json\/wp\/v2\/tags?post=470676"}],"curies":[{"name":"wp","href":"https:\/\/api.w.org\/{rel}","templated":true}]}}