{"id":470719,"date":"2025-06-08T13:22:07","date_gmt":"2025-06-08T17:22:07","guid":{"rendered":"https:\/\/deultimominuto.net\/en\/uncategorized\/tens-of-thousands-of-people-call-for-pedro-sanchezs-resignation-in-madrid\/"},"modified":"2025-06-08T13:22:07","modified_gmt":"2025-06-08T17:22:07","slug":"tens-of-thousands-of-people-call-for-pedro-sanchezs-resignation-in-madrid","status":"publish","type":"post","link":"https:\/\/deultimominuto.com\/en\/international\/tens-of-thousands-of-people-call-for-pedro-sanchezs-resignation-in-madrid\/","title":{"rendered":"Tens of thousands of people call for Pedro S\u00e1nchez&#8217;s resignation in Madrid"},"content":{"rendered":"\n<p class=\"wp-block-paragraph\"><strong>Madrid.<\/strong>&#8211; Tens of thousands of people responded this Sunday in Madrid to the call of the conservative Popular Party (PP), leader of the opposition, to demand that the Spanish government president, the socialist Pedro S\u00e1nchez, &#8220;surrender&#8221; and call early elections, in a context marked by political tension.<\/p>\n\n\n\n<p class=\"wp-block-paragraph\">About 50,000 people according to official estimates -100,000 according to the organizers- supported the leader of the PP, Alberto N\u00fa\u00f1ez Feij\u00f3o, in the center of Madrid, in a mobilization called under the slogan <strong>&#8220;Mafia or democracy&#8221;<\/strong> which was also attended by several regional leaders of the Popular Party.<\/p>\n\n\n\n<p class=\"wp-block-paragraph\"><strong>You may be interested in:<\/strong> <a href=\"http:\/\/Trump blames the &quot;radical left&quot; for instigating and financing the Los Angeles protests\">http:\/\/Trump blames the &#8220;radical left&#8221; for instigating and financing the Los Angeles protests<\/a><\/p>\n\n\n\n<p class=\"wp-block-paragraph\">&#8220;Surrender to democracy. Call elections, we want them now because nobody voted for you for this,&#8221; Feij\u00f3o demanded in a fiery speech in which he showed himself willing to &#8220;lead the revolution of decency and freedom&#8221; and in which he was acclaimed as &#8220;president, president&#8221;, amidst shouts of &#8220;S\u00e1nchez resign&#8221;.<\/p>\n\n\n&#8220;Spain is ready and I am ready. And all that&#8217;s left is for S\u00e1nchez to find the courage to set up the ballot boxes and ask the Spanish people,&#8221; stated the leader of the PP, before a crowd that filled the central Plaza de Espa\u00f1a in Madrid with Spanish flags.\n\n\n<p class=\"wp-block-paragraph\">In the first rows, most of the party&#8217;s territorial leaders listened, many of them regional presidents, along with former presidents Mariano Rajoy and Jos\u00e9 Mar\u00eda Aznar.<\/p>\n\n\n\n<p class=\"wp-block-paragraph\">The demonstration comes just days after S\u00e1nchez&#8217;s meeting with regional presidents &#8211; mostly from the Popular Party &#8211; which took place in a tense atmosphere and confirmed the distancing between the Government and the PP.<\/p>\n\n\n\n<p class=\"wp-block-paragraph\">The Socialists warn Feij\u00f3o that he will remain in the opposition<br>From the Government and the Socialist ranks, the call was criticized and the PP leader was warned that he will remain in the opposition because there will be no early election and the legislature will expire, as planned, in 2027.<\/p>\n\n\n\n<p class=\"wp-block-paragraph\">Socialist sources emphasized that the PP has wanted to win the streets with a &#8220;shameful slogan&#8221; and considered that &#8220;Feij\u00f3o has suffered this Sunday an amendment to the entirety of his ways and tricks&#8221;.<\/p>\n\n\n\n<p class=\"wp-block-paragraph\">Through a message on the social network X, the First Vice President of the Government, Mar\u00eda Jes\u00fas Montero, has assured that &#8220;the Spanish people voted and decided that Feij\u00f3o should be in the opposition&#8221; and has emphasized that &#8220;it would be time for the PP to assume it and accept it&#8221;.<\/p>\n\n\n\n<figure class=\"wp-block-embed is-type-rich is-provider-twitter wp-block-embed-twitter\"><div class=\"wp-block-embed__wrapper\">\n<blockquote class=\"twitter-tweet\" data-width=\"550\" data-dnt=\"true\"><p lang=\"es\" dir=\"ltr\">\ud83c\uddea\ud83c\uddf8\ud83e\udea7Decenas de miles de personas piden dimisi\u00f3n de Pedro S\u00e1nchez en Madrid<br><br>Miles de personas se han congregado este 8 de junio en Madrid para manifestarse contra la gesti\u00f3n de Pedro S\u00e1nchez al frente del Gobierno de Espa\u00f1a.<a href=\"https:\/\/t.co\/csCSujiYoX\">https:\/\/t.co\/csCSujiYoX<\/a> <a href=\"https:\/\/t.co\/MBg3dQg3Tn\">pic.twitter.com\/MBg3dQg3Tn<\/a><\/p>&mdash; Sepa M\u00e1s (@Sepa_mass) <a href=\"https:\/\/x.com\/Sepa_mass\/status\/1931730262540362118?ref_src=twsrc%5Etfw\">June 8, 2025<\/a><\/blockquote><script async src=\"https:\/\/platform.x.com\/widgets.js\" charset=\"utf-8\"><\/script>\n<\/div><\/figure>\n\n\n\n<p class=\"wp-block-paragraph\">The PP &#8220;has filled the Plaza de Espa\u00f1a with insults and hatred&#8221;, according to the Minister for Digital Transformation, \u00d3scar L\u00f3pez, convinced that &#8220;the right is very nervous&#8221;.<\/p>\n\n\n\n<p class=\"wp-block-paragraph\">\u201cMore than an act in defense of democracy, it has been an act of political desperation,&#8221; stated the Minister of Culture, Ernest Urtasun, spokesperson for Sumar, the left-wing group that governs in coalition with the Socialists.<\/p>\n\n\nThis Sunday&#8217;s has been the sixth mobilization called by the Partido Popular against Pedro S\u00e1nchez&#8217;s Government in the current legislature &#8211; which began in 2023 &#8211; and one of the most numerous.","protected":false},"excerpt":{"rendered":"<p>Madrid.&#8211; Tens of thousands of people responded this Sunday in Madrid to the call of the conservative Popular Party (PP), leader of the opposition, to demand that the Spanish government president, the socialist Pedro S\u00e1nchez, &#8220;surrender&#8221; and call early elections, in a context marked by political tension. About 50,000 people according to official estimates -100,000 [&hellip;]<\/p>\n","protected":false},"author":3,"featured_media":470721,"comment_status":"open","ping_status":"open","sticky":false,"template":"","format":"standard","meta":{"_acf_changed":false,"_jetpack_newsletter_access":"","_jetpack_dont_email_post_to_subs":false,"_jetpack_newsletter_tier_id":0,"_jetpack_memberships_contains_paywalled_content":false,"_jetpack_memberships_contains_paid_content":false,"footnotes":"","_members_access_role":[],"_members_access_error":""},"categories":[95],"tags":[16739],"class_list":["post-470719","post","type-post","status-publish","format-standard","has-post-thumbnail","category-international","tag-pedro-sanchez"],"acf":[],"jetpack_sharing_enabled":true,"jetpack_shortlink":"https:\/\/wp.me\/phj1q1-1Ysf","jetpack_featured_media_url":"https:\/\/deultimominuto.com\/en\/wp-content\/uploads\/sites\/2\/2025\/06\/1003743794731_256280508_1024x576.webp","dum_api":{"author_name":"EFE","author_image":"https:\/\/deultimominuto.com\/wp-content\/uploads\/2021\/08\/1200px-EFE_logo.svg-96x96.png","categories_name":["International"],"featured_media_url":"https:\/\/cdn.deultimominuto.com\/en\/wp-content\/uploads\/sites\/2\/2025\/06\/1003743794731_256280508_1024x576.webp"},"_links":{"self":[{"href":"https:\/\/deultimominuto.com\/en\/wp-json\/wp\/v2\/posts\/470719","targetHints":{"allow":["GET"]}}],"collection":[{"href":"https:\/\/deultimominuto.com\/en\/wp-json\/wp\/v2\/posts"}],"about":[{"href":"https:\/\/deultimominuto.com\/en\/wp-json\/wp\/v2\/types\/post"}],"author":[{"embeddable":true,"href":"https:\/\/deultimominuto.com\/en\/wp-json\/wp\/v2\/users\/3"}],"replies":[{"embeddable":true,"href":"https:\/\/deultimominuto.com\/en\/wp-json\/wp\/v2\/comments?post=470719"}],"version-history":[{"count":0,"href":"https:\/\/deultimominuto.com\/en\/wp-json\/wp\/v2\/posts\/470719\/revisions"}],"wp:featuredmedia":[{"embeddable":true,"href":"https:\/\/deultimominuto.com\/en\/wp-json\/wp\/v2\/media\/470721"}],"wp:attachment":[{"href":"https:\/\/deultimominuto.com\/en\/wp-json\/wp\/v2\/media?parent=470719"}],"wp:term":[{"taxonomy":"category","embeddable":true,"href":"https:\/\/deultimominuto.com\/en\/wp-json\/wp\/v2\/categories?post=470719"},{"taxonomy":"post_tag","embeddable":true,"href":"https:\/\/deultimominuto.com\/en\/wp-json\/wp\/v2\/tags?post=470719"}],"curies":[{"name":"wp","href":"https:\/\/api.w.org\/{rel}","templated":true}]}}