{"id":473028,"date":"2025-06-26T12:51:00","date_gmt":"2025-06-26T16:51:00","guid":{"rendered":"https:\/\/deultimominuto.net\/en\/?p=473028"},"modified":"2025-06-26T12:51:00","modified_gmt":"2025-06-26T16:51:00","slug":"mother-reports-that-her-son-was-taken-away-by-prosecutor-without-a-court-order-i-havent-seen-him-since-february","status":"publish","type":"post","link":"https:\/\/deultimominuto.com\/en\/dominican-news\/mother-reports-that-her-son-was-taken-away-by-prosecutor-without-a-court-order-i-havent-seen-him-since-february\/","title":{"rendered":"Mother reports that her son was taken away by prosecutor without a court order: \u201cI haven&#8217;t seen him since February\u201d"},"content":{"rendered":"<em>Santo Domingo.\u2013<\/em> A desperate mother, a child with no clear whereabouts, and a judicial process laden with irregularities. Mar\u00eda de los Milagros de los Santos Mercedes, a resident of Santiago de los Caballeros, denounces that her son was taken from her home on February 6th by a prosecutor from the child protection system, without, she claims, a court order.\n\n&#8220;Since that day I haven&#8217;t seen him again. Mother&#8217;s Day passed, his birthday&#8230; and I still have no answers,&#8221; she declared in a choked voice to the <a href=\"https:\/\/www.youtube.com\/watch?v=SXDTYhPQo7M\" data-type=\"link\" data-id=\"https:\/\/www.youtube.com\/watch?v=SXDTYhPQo7M\" target=\"_blank\" rel=\"noopener\">program <em>Bajo El Foco<\/em><\/a>, where the case was made known.\n\nAccording to her lawyer, Bernardo Encarnaci\u00f3n, the prosecutor Yerlina \u2014assigned to the Attorney General&#8217;s Office for Children and Adolescents\u2014 would have entered Mar\u00eda&#8217;s home without prior notification and without a court order, taking her minor son under the allegation of a protection measure. &#8220;That is an irregular action. The procedures established by law were not respected,&#8221; said the jurist.\n\nEncarnaci\u00f3n links this case to a previous judicial process involving a daughter of Mar\u00eda, who had been a victim of rape in 2018 within the educational center Mar\u00eda Teresa de Calcuta Fe y Alegr\u00eda. The mother claims that the aggressor was an employee of the school and a relative of the director, Evelina Altagracia Rodr\u00edguez, who allegedly prevented the facts from coming to light.\n\n&#8220;The knight was sentenced to 15 years in prison, but the director was favored. Although the court established that she acted negligently, she remains in office and had even threatened the girl not to speak,&#8221; denounced the lawyer.\n\nMaria asserts that, after this event, she tried to enroll her other children in that same school \u2014located in front of her home\u2014, but the principal denied them access. Although she obtained a favorable ruling through an amparo appeal in 2022, which ordered the Ministry of Education to enroll the minors, the refusal persisted.\n\nIn 2023, according to the lawyer, the National Council for Children and Adolescents (CONANI) initiated legal action against Maria, accusing her of not sending her children to school. The judge accepted the lawsuit, but ordered that the minors remain under her custody. However, on February 6, 2024, the prosecutor again appeared at the home and took her 11-year-old son.\n\nSince then, Maria has had no physical contact with the minor, and has only been authorized \u2014according to Conani\u2014 to communicate via video call. The institution stated that it does not disclose the location of the foster homes to protect the minors and assured that the mother can go to its offices to coordinate the calls.\n\nIn response to the situation, CONANI indicated to <em><a href=\"https:\/\/ab.deultimominuto.net\/programa\/bajo-el-foco\/\" data-type=\"link\" data-id=\"https:\/\/ab.deultimominuto.net\/programa\/bajo-el-foco\/\" target=\"_blank\" rel=\"noopener\">Bajo El Foco<\/a><\/em> that the other children of Maria are listed as enrolled in the corresponding educational center, and invited the mother to formally integrate them.\n\n\n<p class=\"wp-block-paragraph\">Meanwhile, Maria continues to pay for transportation and a study room for her other children, despite not having a fixed income. \u201cI just want them to return my child to me, and for my children to be able to go to the school that is right in front of my house. I ask the first lady to please intervene,\u201d she pleaded.<\/p>\n\n\nLawyer Encarnaci\u00f3n warns that they will continue to exhaust all legal avenues, but questions that a director accused of omission in a case of child sexual abuse is still blocking access to the education of the complainant&#8217;s children.\n\n&#8220;This case cannot be ignored. Not only is there a minor separated from their mother without clear explanations, there is also a prior history of violence, neglect, and institutional retaliation,&#8221; he concluded.\n\n\n<p class=\"wp-block-paragraph\"><\/p>\n\n\n\n<figure class=\"wp-block-embed is-type-video is-provider-youtube wp-block-embed-youtube wp-embed-aspect-16-9 wp-has-aspect-ratio\"><div class=\"wp-block-embed__wrapper\">\n<iframe loading=\"lazy\" title=\"UN MENOR SIN RASTRO TRAS FISCAL BUSCARLO EN SU HOGAR\" width=\"1240\" height=\"698\" src=\"https:\/\/www.youtube.com\/embed\/SXDTYhPQo7M?feature=oembed\" frameborder=\"0\" allow=\"accelerometer; autoplay; clipboard-write; encrypted-media; gyroscope; picture-in-picture; web-share\" referrerpolicy=\"strict-origin-when-cross-origin\" allowfullscreen><\/iframe>\n<\/div><\/figure>\n","protected":false},"excerpt":{"rendered":"<p>Santo Domingo.\u2013 A desperate mother, a child with no clear whereabouts, and a judicial process laden with irregularities. Mar\u00eda de los Milagros de los Santos Mercedes, a resident of Santiago de los Caballeros, denounces that her son was taken from her home on February 6th by a prosecutor from the child protection system, without, she [&hellip;]<\/p>\n","protected":false},"author":4,"featured_media":473030,"comment_status":"open","ping_status":"open","sticky":false,"template":"","format":"standard","meta":{"_acf_changed":false,"_jetpack_newsletter_access":"","_jetpack_dont_email_post_to_subs":false,"_jetpack_newsletter_tier_id":0,"_jetpack_memberships_contains_paywalled_content":false,"_jetpack_memberships_contains_paid_content":false,"footnotes":"","_members_access_role":[],"_members_access_error":""},"categories":[40216],"tags":[40640],"class_list":["post-473028","post","type-post","status-publish","format-standard","has-post-thumbnail","category-dominican-news","tag-under-the-spotlight"],"acf":[],"jetpack_sharing_enabled":true,"jetpack_shortlink":"https:\/\/wp.me\/phj1q1-1Z3u","jetpack_featured_media_url":"https:\/\/deultimominuto.com\/en\/wp-content\/uploads\/sites\/2\/2025\/06\/Captura-de-pantalla-2025-06-26-a-las-10.52.02\u202fa.-m-e1750949551883.jpg","dum_api":{"author_name":"Redacci\u00f3n De \u00daltimo Minuto","author_image":"https:\/\/deultimominuto.com\/wp-content\/uploads\/2025\/02\/cropped-logo-de-ultimo-minuto-96x96.png","categories_name":["Dominican News"],"featured_media_url":"https:\/\/cdn.deultimominuto.com\/en\/wp-content\/uploads\/sites\/2\/2025\/06\/Captura-de-pantalla-2025-06-26-a-las-10.52.02\u202fa.-m-e1750949551883.jpg"},"_links":{"self":[{"href":"https:\/\/deultimominuto.com\/en\/wp-json\/wp\/v2\/posts\/473028","targetHints":{"allow":["GET"]}}],"collection":[{"href":"https:\/\/deultimominuto.com\/en\/wp-json\/wp\/v2\/posts"}],"about":[{"href":"https:\/\/deultimominuto.com\/en\/wp-json\/wp\/v2\/types\/post"}],"author":[{"embeddable":true,"href":"https:\/\/deultimominuto.com\/en\/wp-json\/wp\/v2\/users\/4"}],"replies":[{"embeddable":true,"href":"https:\/\/deultimominuto.com\/en\/wp-json\/wp\/v2\/comments?post=473028"}],"version-history":[{"count":0,"href":"https:\/\/deultimominuto.com\/en\/wp-json\/wp\/v2\/posts\/473028\/revisions"}],"wp:featuredmedia":[{"embeddable":true,"href":"https:\/\/deultimominuto.com\/en\/wp-json\/wp\/v2\/media\/473030"}],"wp:attachment":[{"href":"https:\/\/deultimominuto.com\/en\/wp-json\/wp\/v2\/media?parent=473028"}],"wp:term":[{"taxonomy":"category","embeddable":true,"href":"https:\/\/deultimominuto.com\/en\/wp-json\/wp\/v2\/categories?post=473028"},{"taxonomy":"post_tag","embeddable":true,"href":"https:\/\/deultimominuto.com\/en\/wp-json\/wp\/v2\/tags?post=473028"}],"curies":[{"name":"wp","href":"https:\/\/api.w.org\/{rel}","templated":true}]}}