{"id":473256,"date":"2025-06-27T23:05:08","date_gmt":"2025-06-28T03:05:08","guid":{"rendered":"https:\/\/deultimominuto.net\/en\/uncategorized\/raquel-pena-reaffirms-her-presidential-aspiration-i-am-not-going-to-climb-the-little-stairs-of-the-national-palace-alone\/"},"modified":"2025-06-27T23:05:08","modified_gmt":"2025-06-28T03:05:08","slug":"raquel-pena-reaffirms-her-presidential-aspiration-i-am-not-going-to-climb-the-little-stairs-of-the-national-palace-alone","status":"publish","type":"post","link":"https:\/\/deultimominuto.com\/en\/uncategorized\/raquel-pena-reaffirms-her-presidential-aspiration-i-am-not-going-to-climb-the-little-stairs-of-the-national-palace-alone\/","title":{"rendered":"Raquel Pe\u00f1a reaffirms her presidential aspiration: &#8220;I am not going to climb the little stairs of the National Palace alone&#8221;"},"content":{"rendered":"The <a href=\"https:\/\/vicepresidencia.gob.do\/\" data-type=\"link\" data-id=\"https:\/\/vicepresidencia.gob.do\/\" target=\"_blank\" rel=\"noopener\">Vice President<\/a> of the Republic, Raquel Pe\u00f1a, reaffirmed her intention to run for president by leading a political event in the province of San Crist\u00f3bal, where she presented what would be her campaign team in the area.\n\nDuring the event, Pe\u00f1a highlighted that his aspiration is not an individual project, but a joint commitment with the Dominican people.\n\n\n<p class=\"has-text-align-center wp-block-paragraph\"><strong>You can also read: <a href=\"https:\/\/ab.deultimominuto.net\/nacionales\/raquel-pena-y-conadis\/\" target=\"_blank\" rel=\"noopener\">Raquel Pe\u00f1a and CONADIS meet with Special Olympics<\/a><\/strong><\/p>\n\n\n\n<figure class=\"wp-block-pullquote\"><blockquote><p>\u201cEsas escalinatas del Palacio Nacional no lo voy a cumplir sola. Yo necesito subirlas con todos ustedes, porque son los que me van a ayudar a hacer el mejor gobierno de la Rep\u00fablica Dominicana\u201d,<\/p><cite>expres\u00f3 Pe\u00f1a.<\/cite><\/blockquote><\/figure>\n\n\nThis reaffirmation comes almost four months after, in an event held in Santiago, the vice president expressed for the first time her desire to become president. With this new step, Pe\u00f1a consolidates her political positioning for a possible presidential candidacy, insisting that her goal is to build a collective political project.","protected":false},"excerpt":{"rendered":"<p>The Vice President of the Republic, Raquel Pe\u00f1a, reaffirmed her intention to run for president by leading a political event in the province of San Crist\u00f3bal, where she presented what would be her campaign team in the area. During the event, Pe\u00f1a highlighted that his aspiration is not an individual project, but a joint commitment [&hellip;]<\/p>\n","protected":false},"author":133543,"featured_media":474359,"comment_status":"open","ping_status":"open","sticky":false,"template":"","format":"standard","meta":{"_acf_changed":false,"_jetpack_newsletter_access":"","_jetpack_dont_email_post_to_subs":false,"_jetpack_newsletter_tier_id":0,"_jetpack_memberships_contains_paywalled_content":false,"_jetpack_memberships_contains_paid_content":false,"footnotes":"","_members_access_role":[],"_members_access_error":""},"categories":[1],"tags":[],"class_list":["post-473256","post","type-post","status-publish","format-standard","has-post-thumbnail","category-uncategorized"],"acf":[],"jetpack_sharing_enabled":true,"jetpack_shortlink":"https:\/\/wp.me\/phj1q1-1Z7a","jetpack_featured_media_url":"https:\/\/deultimominuto.com\/en\/wp-content\/uploads\/sites\/2\/2025\/06\/WhatsApp-Image-2025-06-27-at-7.59.11-PM.jpeg","dum_api":{"author_name":"Carolina \u00c1lvarez","author_image":"https:\/\/deultimominuto.com\/wp-content\/uploads\/2026\/05\/cropped-WhatsApp-Image-2026-05-26-at-5.31.57-PM-96x96.jpeg","categories_name":["Uncategorized"],"featured_media_url":"https:\/\/cdn.deultimominuto.com\/en\/wp-content\/uploads\/sites\/2\/2025\/06\/WhatsApp-Image-2025-06-27-at-7.59.11-PM.jpeg"},"_links":{"self":[{"href":"https:\/\/deultimominuto.com\/en\/wp-json\/wp\/v2\/posts\/473256","targetHints":{"allow":["GET"]}}],"collection":[{"href":"https:\/\/deultimominuto.com\/en\/wp-json\/wp\/v2\/posts"}],"about":[{"href":"https:\/\/deultimominuto.com\/en\/wp-json\/wp\/v2\/types\/post"}],"author":[{"embeddable":true,"href":"https:\/\/deultimominuto.com\/en\/wp-json\/wp\/v2\/users\/133543"}],"replies":[{"embeddable":true,"href":"https:\/\/deultimominuto.com\/en\/wp-json\/wp\/v2\/comments?post=473256"}],"version-history":[{"count":0,"href":"https:\/\/deultimominuto.com\/en\/wp-json\/wp\/v2\/posts\/473256\/revisions"}],"wp:featuredmedia":[{"embeddable":true,"href":"https:\/\/deultimominuto.com\/en\/wp-json\/wp\/v2\/media\/474359"}],"wp:attachment":[{"href":"https:\/\/deultimominuto.com\/en\/wp-json\/wp\/v2\/media?parent=473256"}],"wp:term":[{"taxonomy":"category","embeddable":true,"href":"https:\/\/deultimominuto.com\/en\/wp-json\/wp\/v2\/categories?post=473256"},{"taxonomy":"post_tag","embeddable":true,"href":"https:\/\/deultimominuto.com\/en\/wp-json\/wp\/v2\/tags?post=473256"}],"curies":[{"name":"wp","href":"https:\/\/api.w.org\/{rel}","templated":true}]}}