{"id":473594,"date":"2025-06-30T21:28:31","date_gmt":"2025-07-01T01:28:31","guid":{"rendered":"https:\/\/deultimominuto.net\/en\/uncategorized\/dominican-republic-radio-television-rtvd-history-evolution-and-current-state-of-dominican-public-television\/"},"modified":"2025-06-30T22:10:35","modified_gmt":"2025-07-01T02:10:35","slug":"dominican-republic-radio-television-rtvd-history-evolution-and-current-state-of-dominican-public-television","status":"publish","type":"post","link":"https:\/\/deultimominuto.com\/en\/entertainment\/television\/dominican-republic-radio-television-rtvd-history-evolution-and-current-state-of-dominican-public-television\/","title":{"rendered":"Dominican Republic Radio Television (RTVD): history, evolution and current state of Dominican public television"},"content":{"rendered":"\n<p class=\"wp-block-paragraph\"><strong>Radio Televisi\u00f3n Dominicana (RTVD)<\/strong>, formerly known as <strong>La Voz Dominicana<\/strong> and later as <strong>Corporaci\u00f3n Estatal de Radio y Televisi\u00f3n (CERTV)<\/strong>, is the first television station in the <a href=\"https:\/\/bit.ly\/43uxL3S\" data-type=\"link\" data-id=\"https:\/\/bit.ly\/43uxL3S\" target=\"_blank\" rel=\"noopener\">Dominican Republic<\/a> and the third to be founded in Latin America. Since its launch in 1952, it has played a key role in the media history of the country, serving as a platform for information, culture, education, and entertainment, while also reflecting the political and social processes that the nation has experienced.<\/p>\n\n\n\n<h2 class=\"wp-block-heading\"><strong>Origins: From La Voz de Yuna to La Voz Dominicana<\/strong><\/h2>\n\n\nRTVD has its roots in radio. It was founded on <strong>August 1, 1942<\/strong> in the municipality of Bonao under the name <strong>La Voz de Yuna<\/strong>, by initiative of <strong>Jos\u00e9 Arismendy Trujillo Molina<\/strong>, known as <em>Pet\u00e1n<\/em>, brother of the dictator Rafael Le\u00f3nidas Trujillo. In 1946, it was moved to <a href=\"https:\/\/ab.deultimominuto.net\/estilo\/turismo\/santo-domingo\/\" data-type=\"link\" data-id=\"https:\/\/ab.deultimominuto.net\/estilo\/turismo\/santo-domingo\/\" target=\"_blank\" rel=\"noopener\"> <strong>Santo Domingo<\/strong><\/a>, consolidating as the most influential station in the country at that time.\n\nWith technological advancement and the regime&#8217;s interest in total control of the media, <strong>August 1, 1952<\/strong> becomes a national milestone: <strong>La Voz de Yuna<\/strong> transforms into <strong>La Voz Dominicana<\/strong>, the <strong>first television station in <a href=\"https:\/\/ab.deultimominuto.net\/entretenimiento\/television\/television-dominicana\/\" data-type=\"link\" data-id=\"https:\/\/ab.deultimominuto.net\/entretenimiento\/television\/television-dominicana\/\" target=\"_blank\" rel=\"noopener\">Dominican Republic<\/a><\/strong> and the <strong>third in Latin America<\/strong>, after Mexico and Cuba.\n\nThis innovative broadcaster was a hybrid between radio and television, transmitting <strong>up to six hours daily of live programming<\/strong>. Its content combined shows, news, live music, and also political propaganda in favor of the Trujillo regime. Among its first productions, the series <strong>Romance Campesino<\/strong> stands out, a pioneer in the teletheater format in the country.\n\n\n<h2 class=\"wp-block-heading\"><strong>Later stages and institutional transformations<\/strong> of RTVD<\/h2>\n\n\nAfter Trujillo&#8217;s execution in 1961 and the collapse of his regime, the station began to change its identity to distance itself from its propagandistic image. In <strong>1963<\/strong>, it adopted the name <strong>Radio Santo Domingo Televisi\u00f3n<\/strong>. For a brief period it was also known as <strong>Palacio Televisor<\/strong>, reflecting the institutional instability of the time.\n\nIt was in the <strong>1970s<\/strong> when the name <strong>Radio Televisi\u00f3n Dominicana (RTVD)<\/strong> was consolidated, which would prevail for several decades as the official signal of the Dominican State.\n\nOne of the relevant moments of this stage was the management of the renowned filmmaker <strong>Agliberto Mel\u00e9ndez<\/strong> between <strong>1983 and 1984<\/strong>, who later became the first Dominican director to produce a feature film: <em>Un pasaje de ida<\/em> (1988).\n\nIn <strong>1996<\/strong>, national frequencies were unified under channel 4, and RTVD began to be known as <strong>Canal 4 RD<\/strong>, expanding its coverage to the entire national territory.\n\n\n<h2 class=\"wp-block-heading\"><strong>CERTV: New Institutional Structure<\/strong><\/h2>\n\n\nOn <strong>July 29, 2003<\/strong>, through <strong>Decree No. 212-03<\/strong>, the channel was reorganized as a public entity with its own legal personality under the name <strong>Corporaci\u00f3n Estatal de Radio y Televisi\u00f3n (CERTV)<\/strong>. This transformation allowed it to be sustained both by the state budget and by income generated by sponsorships, content production, and alliances with the private sector.\n\n\n<figure class=\"wp-block-image size-large\"><img decoding=\"async\" src=\"https:\/\/ab.deultimominuto.net\/wp-content\/uploads\/2025\/06\/FACHADA-CERTV-1-1024x683.jpg\" alt=\"EDIFICIO DE RADIO TELEVISI\u00d3N DOMINICANA RTVD\" class=\"wp-image-496772\" title=\"\"><\/figure>\n\n\nIn <strong>2016<\/strong>, the channel was renamed <strong>4RD<\/strong>, although the governing entity still retains the institutional name <strong>CERTV<\/strong>. This duality reflects the brand strategy: an institutional face and another closer to the general public.\n\nIn <strong>2023<\/strong>, RTVD was designated as the <strong>official channel in the Dominican Republic for the broadcast of the Santiago 2023 Pan American Games<\/strong>, strengthening its role as a state media committed to the dissemination of international sporting events.\n\n\n<h2 class=\"wp-block-heading\"><strong>Functions and Legal Framework<\/strong><\/h2>\n\n\n\n<p class=\"wp-block-paragraph\">Law <strong>134-03<\/strong>, which regulates the State Corporation of Radio and Television, establishes that its main mission is to <strong>manage and execute public telecommunications<\/strong> for the transmission of content by:<\/p>\n\n\n\n<ul class=\"wp-block-list\">\n<li>Open signal (VHF\/UHF)<\/li>\n\n\n\n<li>Digital terrestrial television (DTT)<\/li>\n\n\n\n<li>Frequency modulated and amplitude modulated<\/li>\n\n\n\n<li>Cable networks and future platforms<\/li>\n\n\n\n<li>Digital and virtual media<\/li>\n<\/ul>\n\n\n\n<p class=\"wp-block-paragraph\">Its purpose is to offer <strong>educational, cultural, informative and general interest content<\/strong>, guaranteeing universal access to information.<\/p>\n\n\n\n<h2 class=\"wp-block-heading\"><strong>Featured Programming<\/strong><\/h2>\n\n\nRTVD has a wide range of programs that address topics of general interest, culture, entertainment, history, sports, gastronomy, and fashion. Among its most outstanding programs are:\n\n\n<ul class=\"wp-block-list\">\n<li><strong>El Mang\u00fa de la Ma\u00f1ana<\/strong><\/li>\n\n\n\n<li><strong>Central de Noticias<\/strong><\/li>\n\n\n\n<li><strong>Topi Tok<\/strong><\/li>\n\n\n\n<li><strong>TV Revista<\/strong><\/li>\n\n\n\n<li><strong>Luna Llena<\/strong><\/li>\n\n\n\n<li><strong>La Mirada<\/strong><\/li>\n\n\n\n<li><strong>El Club de la Moda<\/strong><\/li>\n\n\n\n<li><strong>Manuel y Hermes<\/strong><\/li>\n\n\n\n<li><strong>Fiestas y Personalidades<\/strong><\/li>\n\n\n\n<li><strong>Celuloide<\/strong><\/li>\n\n\n\n<li><strong>La Cultura Vive<\/strong><\/li>\n\n\n\n<li><strong>La Cocina de Wandy<\/strong><\/li>\n\n\n\n<li><strong>Etiqueta Tropical<\/strong><\/li>\n\n\n\n<li><strong>Radar Deportivo<\/strong><\/li>\n\n\n\n<li><strong>Cine Dominicano<\/strong><\/li>\n\n\n\n<li><strong>Al L\u00edmite con Rafaelina Bison\u00f3<\/strong><\/li>\n\n\n\n<li><strong>Momentos de la Historia<\/strong><\/li>\n\n\n\n<li><strong>Bienvenidos a la Casa<\/strong><\/li>\n\n\n\n<li><strong>Dar Para Vivir<\/strong><\/li>\n\n\n\n<li><strong>Momento Deportivo<\/strong><\/li>\n\n\n\n<li><strong>Buen Vivir<\/strong><\/li>\n\n\n\n<li><strong>Central Deportes<\/strong><\/li>\n\n\n\n<li><strong>Recorriendo con Salvador<\/strong><\/li>\n<\/ul>\n\n\n\n<h2 class=\"wp-block-heading\"><strong>Main historical broadcasters of RTVD<\/strong><\/h2>\n\n\n\n<p class=\"wp-block-paragraph\">Among the professionals who have left their mark on RTVD are prominent announcers such as:<\/p>\n\n\n\n<ul class=\"wp-block-list\">\n<li><strong>Vicente L\u00f3pez<\/strong><\/li>\n\n\n\n<li><strong>Jochy Villalona<\/strong><\/li>\n\n\n\n<li><strong>\u00c1ngel Rodr\u00edguez<\/strong><\/li>\n\n\n\n<li><strong>Cristian L\u00f3pez<\/strong><\/li>\n\n\n\n<li><strong>Mariano \u00c1lvarez<\/strong><\/li>\n<\/ul>\n\n\n\n<h2 class=\"wp-block-heading\"><strong>Radios operated by CERTV<\/strong><\/h2>\n\n\n\n<figure class=\"wp-block-table\"><table class=\"has-fixed-layout\"><thead><tr><th>Emisora<\/th><th>Tipo de contenido<\/th><th>Frecuencias<\/th><\/tr><\/thead><tbody><tr><td><strong>Dominicana FM<\/strong><\/td><td>Generalista, informativa y miscel\u00e1nea<\/td><td>98.9 FM (Sur, Este y Metropolitana), 99.9 FM (Cibao), 99.5 FM (Sur profundo)<\/td><\/tr><tr><td><strong>Quisqueya FM<\/strong><\/td><td>Musical y cultural<\/td><td>96.1 FM (Sur, Este y Metropolitana), 98.5 FM (Cibao)<\/td><\/tr><tr><td><strong>Radio Santo Domingo<\/strong><\/td><td>Musical tradicional<\/td><td>620 AM (Sur, Este, Metro), 640 AM (Cibao)<\/td><\/tr><tr><td><strong>EDUMAS Radio<\/strong><\/td><td>Educativa<\/td><td>95.3 FM (Sur, Este, Metro), 106.5 FM (Cibao)<\/td><\/tr><\/tbody><\/table><\/figure>\n\n\n\n<hr class=\"wp-block-separator has-alpha-channel-opacity\"\/>\n\n\n\n<h2 class=\"wp-block-heading\"><strong>Television Channels Operated by CERTV<\/strong><\/h2>\n\n\n\n<figure class=\"wp-block-table\"><table class=\"has-fixed-layout\"><thead><tr><th>Canal<\/th><th>Contenido<\/th><th>Frecuencia \/ Plataforma<\/th><\/tr><\/thead><tbody><tr><td><strong>RTVD 4<\/strong><\/td><td>Generalista, informativa y miscel\u00e1nea<\/td><td>Canal 4 y 12 f\u00edsico, 4.1 virtual, 17.4 TTD<\/td><\/tr><tr><td><strong>Quisqueya Televisi\u00f3n<\/strong><\/td><td>Cultural<\/td><td>Canal 17.1 TTD<\/td><\/tr><tr><td><strong>EDUMAS TV<\/strong><\/td><td>Educativo<\/td><td>Canal 17.2 TTD<\/td><\/tr><tr><td><strong>RTVD 4 Internacional<\/strong><\/td><td>Se\u00f1al para la di\u00e1spora dominicana<\/td><td>Internacional \/ Streaming<\/td><\/tr><\/tbody><\/table><\/figure>\n\n\n\n<p class=\"wp-block-paragraph\"><\/p>\n\n\nSure, here is the complete and optimized technical sheet of Radio Televisi\u00f3n Dominicana (RTVD \/ CERTV) for informational, institutional, or journalistic purposes:\n\n\n<hr class=\"wp-block-separator has-alpha-channel-opacity\"\/>\n\n\n\n<h3 class=\"wp-block-heading\"><strong>Technical Sheet of Radio Televisi\u00f3n Dominicana (RTVD \/ CERTV)<\/strong><\/h3>\n\n\n\n<p class=\"wp-block-paragraph\"><strong>Official name:<\/strong><br>State Corporation of Radio and Television (CERTV)<\/p>\n\n\n\n<p class=\"wp-block-paragraph\"><strong>Trade name:<\/strong><br>Radio Televisi\u00f3n Dominicana (RTVD)<br>Canal 4RD<\/p>\n\n\n\n<p class=\"wp-block-paragraph\"><strong>Foundation Date:<\/strong><br>August 1, 1942 (as La Voz de Yuna)<br>August 1, 1952 (start of television broadcasts as La Voz Dominicana)<\/p>\n\n\n\n<p class=\"wp-block-paragraph\"><strong>Founder:<\/strong><br>Jos\u00e9 Arismendy Trujillo Molina (Pet\u00e1n Trujillo)<\/p>\n\n\n\n<p class=\"wp-block-paragraph\"><strong>Main Office:<\/strong><br>Av. San Mart\u00edn esq. Leopoldo Navarro,<br>Distrito Nacional, Santo Domingo, Dominican Republic<\/p>\n\n\n\n<p class=\"wp-block-paragraph\"><strong>Current owner:<\/strong><br>Dominican State<\/p>\n\n\n\n<p class=\"wp-block-paragraph\"><strong>Type of company:<\/strong><br>Autonomous public company<br>(Decree No. 212-03 \/ Law 134-03)<\/p>\n\n\n\n<p class=\"wp-block-paragraph\">Former <strong>Directors<\/strong><\/p>\n\n\n\n<ul class=\"wp-block-list\">\n<li>Jos\u00e9 Arismendy Trujillo Molina<\/li>\n\n\n\n<li>Agliberto Mel\u00e9ndez (1983\u20131984)<\/li>\n\n\n\n<li> Dr. H\u00e9ctor P\u00e9rez Reyes<\/li>\n\n\n\n<li>Poncio Pou Saleta<\/li>\n\n\n\n<li>Julio C\u00e9sar Mart\u00ednez<\/li>\n\n\n\n<li>Julio F\u00e9lix Gimbernard <\/li>\n\n\n\n<li>Luis Armando<\/li>\n\n\n\n<li>H\u00e9ctor B. Castro Noboa <\/li>\n\n\n\n<li>Juan Alfonseca<\/li>\n\n\n\n<li>Luis Dhimes Pablo<\/li>\n\n\n\n<li>Ram\u00f3n Lorenzo Perell\u00f3<\/li>\n\n\n\n<li>Ram\u00f3n Font Bernard<\/li>\n\n\n\n<li>J.A. Bruno Pimentel<\/li>\n\n\n\n<li>Rafael V\u00e1squez<\/li>\n\n\n\n<li>Miguel Peguero Calzada<\/li>\n\n\n\n<li>Max Pou<\/li>\n\n\n\n<li>Luis Armando Asunci\u00f3n<\/li>\n\n\n\n<li>Marino Mendoza<\/li>\n\n\n\n<li>Juan Bosco Guerrero<\/li>\n\n\n\n<li>George Rodr\u00edguez<\/li>\n\n\n\n<li>Juan Del\u00e1ncer<\/li>\n\n\n\n<li>Nelson Mate<\/li>\n\n\n\n<li>H\u00e9ctor Olivo<\/li>\n\n\n\n<li>Ram\u00f3n Colombo<\/li>\n\n\n\n<li>Pedro Jos\u00e9 Batista Caba (Pedro Caba) <\/li>\n\n\n\n<li>Ram\u00f3n Tejeda Reid<\/li>\n<\/ul>\n\n\n\n<p class=\"wp-block-paragraph\"><strong>Current legal name:<\/strong><br>State Radio and Television Corporation (CERTV)<\/p>\n\n\n\n<p class=\"wp-block-paragraph\"><strong>Main channel:<\/strong><br>RTVD Canal 4 (4.1 virtual DTT \/ 4 physical)<\/p>\n\n\n\n<p class=\"wp-block-paragraph\"><strong>Other television channels:<\/strong><\/p>\n\n\n\n<ul class=\"wp-block-list\">\n<li>Quisqueya Televisi\u00f3n (Channel 17.1 DTT)<\/li>\n\n\n\n<li>EDUMAS TV (Channel 17.2 DTT)<\/li>\n\n\n\n<li>RTVD Internacional (Streaming and international signal)<\/li>\n<\/ul>\n\n\n\n<p class=\"wp-block-paragraph\"><strong>Managed radio stations:<\/strong><\/p>\n\n\n\n<ol class=\"wp-block-list\">\n<li><strong>Dominicana FM<\/strong> \u2013 98.9 \/ 99.9 \/ 99.5 FM<\/li>\n\n\n\n<li><strong>Quisqueya FM<\/strong> \u2013 96.1 \/ 98.5 FM<\/li>\n\n\n\n<li><strong>Radio Santo Domingo<\/strong> \u2013 620 \/ 640 AM<\/li>\n\n\n\n<li><strong>EDUMAS Radio<\/strong> \u2013 95.3 \/ 106.5 FM<\/li>\n<\/ol>\n\n\n<strong>Coverage areas:<\/strong><br>National coverage (free-to-air, cable, satellite, radio)<br>International coverage (RTVD 4 International signal and digital platforms)\n\n\n<p class=\"wp-block-paragraph\"><strong>Featured Programming:<\/strong><\/p>\n\n\n\n<ul class=\"wp-block-list\">\n<li>News Central<\/li>\n\n\n\n<li>The Mang\u00fa of the Morning<\/li>\n\n\n\n<li>TV Magazine<\/li>\n\n\n\n<li>Wandy&#8217;s Kitchen<\/li>\n\n\n\n<li>Dominican Cinema<\/li>\n\n\n\n<li>Sports Radar<\/li>\n\n\n\n<li>Moments in History<\/li>\n\n\n\n<li>Culture Lives<\/li>\n\n\n\n<li>Touring with Salvador, among others.<\/li>\n<\/ul>\n\n\n\n<p class=\"wp-block-paragraph\"><strong>Featured Events Broadcast:<\/strong><\/p>\n\n\n\n<ul class=\"wp-block-list\">\n<li>Santiago 2023 Pan American Games (Official channel in RD)<\/li>\n\n\n\n<li>Special state, educational and cultural coverages<\/li>\n<\/ul>\n\n\n\n<p class=\"wp-block-paragraph\"><strong>Digital Platforms:<\/strong><\/p>\n\n\n\n<ul class=\"wp-block-list\">\n<li><a href=\"http:\/\/www.rtvd.gob.do\/\" target=\"_blank\" rel=\"noopener\">rtvd.gob.do<\/a><\/li>\n\n\n\n<li>Social media: YouTube, Instagram, Facebook, Twitter<\/li>\n<\/ul>\n\n\n<strong>Institutional Mission:<\/strong><br>To provide public communication services through national radio and television, with an educational, cultural, informative, and entertainment focus, ensuring access to information for all citizens.\n\n<strong>Legal Regulations:<\/strong><br>Law No. 134-03 n<br>Decree No. 212-03 of institutional creation<br>\n\n\n<h2 class=\"wp-block-heading\">Dominican Republic Television Channels<\/h2>\n\n\n\n<p class=\"wp-block-paragraph\"><a href=\"https:\/\/ab.deultimominuto.net\/entretenimiento\/television\/color-vision\/\" data-type=\"link\" data-id=\"https:\/\/ab.deultimominuto.net\/entretenimiento\/television\/color-vision\/\" target=\"_blank\" rel=\"noopener\"><strong>Color Vision, Channel 9<\/strong><\/a><\/p>\n\n\n\n<p class=\"wp-block-paragraph\"><a href=\"https:\/\/ab.deultimominuto.net\/entretenimiento\/television\/telemicro\/\" data-type=\"link\" data-id=\"https:\/\/ab.deultimominuto.net\/entretenimiento\/television\/telemicro\/\" target=\"_blank\" rel=\"noopener\"><strong>Telemicro, Channel 5<\/strong><\/a><\/p>\n\n\n\n<p class=\"wp-block-paragraph\"><strong><a href=\"https:\/\/ab.deultimominuto.net\/entretenimiento\/television\/tele-antillas-canal-2\/\" data-type=\"link\" data-id=\"https:\/\/ab.deultimominuto.net\/entretenimiento\/television\/tele-antillas-canal-2\/\" target=\"_blank\" rel=\"noopener\">Tele Antillas Channel 2<\/a><\/strong><\/p>\n","protected":false},"excerpt":{"rendered":"<p>Radio Televisi\u00f3n Dominicana (RTVD), formerly known as La Voz Dominicana and later as Corporaci\u00f3n Estatal de Radio y Televisi\u00f3n (CERTV), is the first television station in the Dominican Republic and the third to be founded in Latin America. Since its launch in 1952, it has played a key role in the media history of the [&hellip;]<\/p>\n","protected":false},"author":4,"featured_media":473595,"comment_status":"open","ping_status":"open","sticky":false,"template":"","format":"standard","meta":{"_acf_changed":false,"_jetpack_newsletter_access":"","_jetpack_dont_email_post_to_subs":false,"_jetpack_newsletter_tier_id":0,"_jetpack_memberships_contains_paywalled_content":false,"_jetpack_memberships_contains_paid_content":false,"footnotes":"","_members_access_role":[],"_members_access_error":""},"categories":[37881],"tags":[39616,13638],"class_list":["post-473594","post","type-post","status-publish","format-standard","has-post-thumbnail","category-television","tag-rtvd","tag-television"],"acf":[],"jetpack_sharing_enabled":true,"jetpack_shortlink":"https:\/\/wp.me\/phj1q1-1ZcC","jetpack_featured_media_url":"https:\/\/deultimominuto.com\/en\/wp-content\/uploads\/sites\/2\/2025\/06\/Captura-de-pantalla-2025-06-30-a-las-9.16.42\u202fp.-m.jpg","dum_api":{"author_name":"Redacci\u00f3n De \u00daltimo Minuto","author_image":"https:\/\/deultimominuto.com\/wp-content\/uploads\/2025\/02\/cropped-logo-de-ultimo-minuto-96x96.png","categories_name":["Television"],"featured_media_url":"https:\/\/cdn.deultimominuto.com\/en\/wp-content\/uploads\/sites\/2\/2025\/06\/Captura-de-pantalla-2025-06-30-a-las-9.16.42\u202fp.-m.jpg"},"_links":{"self":[{"href":"https:\/\/deultimominuto.com\/en\/wp-json\/wp\/v2\/posts\/473594","targetHints":{"allow":["GET"]}}],"collection":[{"href":"https:\/\/deultimominuto.com\/en\/wp-json\/wp\/v2\/posts"}],"about":[{"href":"https:\/\/deultimominuto.com\/en\/wp-json\/wp\/v2\/types\/post"}],"author":[{"embeddable":true,"href":"https:\/\/deultimominuto.com\/en\/wp-json\/wp\/v2\/users\/4"}],"replies":[{"embeddable":true,"href":"https:\/\/deultimominuto.com\/en\/wp-json\/wp\/v2\/comments?post=473594"}],"version-history":[{"count":0,"href":"https:\/\/deultimominuto.com\/en\/wp-json\/wp\/v2\/posts\/473594\/revisions"}],"wp:featuredmedia":[{"embeddable":true,"href":"https:\/\/deultimominuto.com\/en\/wp-json\/wp\/v2\/media\/473595"}],"wp:attachment":[{"href":"https:\/\/deultimominuto.com\/en\/wp-json\/wp\/v2\/media?parent=473594"}],"wp:term":[{"taxonomy":"category","embeddable":true,"href":"https:\/\/deultimominuto.com\/en\/wp-json\/wp\/v2\/categories?post=473594"},{"taxonomy":"post_tag","embeddable":true,"href":"https:\/\/deultimominuto.com\/en\/wp-json\/wp\/v2\/tags?post=473594"}],"curies":[{"name":"wp","href":"https:\/\/api.w.org\/{rel}","templated":true}]}}