{"id":473846,"date":"2025-07-02T18:57:44","date_gmt":"2025-07-02T22:57:44","guid":{"rendered":"https:\/\/deultimominuto.net\/en\/uncategorized\/arajet-carries-out-reforestation-day-in-the-ojos-indigenas-ecological-reserve\/"},"modified":"2025-07-02T18:57:44","modified_gmt":"2025-07-02T22:57:44","slug":"arajet-carries-out-reforestation-day-in-the-ojos-indigenas-ecological-reserve","status":"publish","type":"post","link":"https:\/\/deultimominuto.com\/en\/dominican-news\/arajet-carries-out-reforestation-day-in-the-ojos-indigenas-ecological-reserve\/","title":{"rendered":"Arajet carries out reforestation day in the &#8220;Ojos Ind\u00edgenas&#8221; ecological reserve"},"content":{"rendered":"\n<p class=\"has-text-align-center wp-block-paragraph\"><em>Reaffirms its commitment to the environment and the promotion of the protected areas of the Dominican Republic<\/em><\/p>\n\n\n<strong>Santo Domingo.-<\/strong>\u00a0The Dominican airline Arajet reaffirms its firm commitment to environmental sustainability and the strengthening of internal tourism, through a reforestation day held in the &#8220;Ojos Ind\u00edgenas&#8221; ecological reserve in Punta Cana that integrates social responsibility and the promotion of the country&#8217;s natural resources.\n\nThe volunteer work was received by Emy Miyazawa, Environmental Education Coordinator of the Grupo Puntacana Ecological Foundation, who received and accompanied the Arajet volunteers along with a team during the mangrove planting day on the beach.\n\n\n<figure class=\"wp-block-pullquote\"><blockquote><p>\u201cFelicitamos el compromiso de Arajet con el medio ambiente. Los manglares sirven de barrera natural para proteger las costas ante grandes tormentas, tambi\u00e9n albergan mucha biodiversidad desde sus ra\u00edces hasta la copa de los \u00e1rboles\u201d, <\/p><cite>sostuvo Miyazawa.<\/cite><\/blockquote><\/figure>\n\n\nYou can also read:\n\nIvanna Lajara, Vice President of Culture and Human Management at Arajet, highlighted the airline&#8217;s commitment to environmental sustainability, as a fundamental part of Arajet Culture. She pointed out that each of its aircraft is named after a protected area or national ecological reserve.\n\n&nbsp;\u201cProtecting and conserving the environment has been in our DNA from the beginning. Our third aircraft is named \u2018Indigenous Eyes\u2019 and we are happy to reforest in this area,\u201d said Lajara.\n\nArajet indicated that the volunteer group made up of its employees, previously received an induction from Marine Environmental Education \u2013 Coastal of the Ecological Foundation of the Puntacana group, who explained the importance of mangroves for the care and preservation of the environment.\n\nThe airline has launched reforestation days in various areas of the country, with the planting of emblematic trees that directly contribute to the conservation of protected areas. These initiatives not only reinforce Arajet&#8217;s environmental responsibility, but also seek to positively impact the communities and ecosystems where it operates.\n\nAs part of its strategy to raise awareness of the country&#8217;s natural wealth, each of Arajet&#8217;s aircraft is named after a Dominican protected area. These include: Pico Duarte, Isla Saona, Los Tres Ojos, Jaragua, Ojos Ind\u00edgenas, Bah\u00eda de las \u00c1guilas, Los Haitises, Valle Nuevo, Lago Enriquillo and Laguna Redonda. This symbolic gesture seeks to elevate the value of the Dominican natural heritage, promoting its preservation and promotion both nationally and internationally.\n\nThe Ojos Ind\u00edgenas Ecological Reserve is located in Ubicada in the Puntacana Resort &amp; Club complex, less than 10 minutes by car from the center of Punta Cana. It occupies about 600 hectares of subtropical transition forest, combining humid and dry habitats. It is managed by the Grupo Puntacana Foundation, with conservation, environmental education, and sustainable tourism objectives. In the reserve, there are more than 500 plant species, of which around 36% are endemic to the Dominican Republic.\n\nIn July 2022, Arajet received its second Boeing 737 MAX 8 aircraft, named &#8220;Indigenous Eyes&#8221;, in homage to the protected area of the same name located in Punta Cana. This act marked a milestone in the airline&#8217;s history and its link with the environment.\n\nWith these actions, Arajet consolidates its vision of being a sustainable, efficient airline committed to promoting the natural treasures of the Dominican Republic to the world.\n\n\n<h2 class=\"wp-block-heading\"><strong>About Arajet<\/strong><\/h2>\n\n\nArajet is the flagship airline of the Dominican Republic. Recognized at the World Aviation Summit as the Best New Airline in the World in 2023. Starting operations in 2022, it operates two bases: Las Am\u00e9ricas Airport in Santo Domingo and Punta Cana International Airport, with a new fleet of Boeing 737 MAX. The airline offers safe and economical travel to and from the Dominican Republic and various destinations in North, Central and South America, and the Caribbean.\n\nFor more information, visit&nbsp;<a href=\"http:\/\/www.arajet.com\/\" target=\"_blank\" rel=\"noreferrer noopener\">www.arajet.com<\/a>","protected":false},"excerpt":{"rendered":"<p>Reaffirms its commitment to the environment and the promotion of the protected areas of the Dominican Republic Santo Domingo.-\u00a0The Dominican airline Arajet reaffirms its firm commitment to environmental sustainability and the strengthening of internal tourism, through a reforestation day held in the &#8220;Ojos Ind\u00edgenas&#8221; ecological reserve in Punta Cana that integrates social responsibility and the [&hellip;]<\/p>\n","protected":false},"author":4,"featured_media":474305,"comment_status":"open","ping_status":"open","sticky":false,"template":"","format":"standard","meta":{"_acf_changed":false,"_jetpack_newsletter_access":"","_jetpack_dont_email_post_to_subs":false,"_jetpack_newsletter_tier_id":0,"_jetpack_memberships_contains_paywalled_content":false,"_jetpack_memberships_contains_paid_content":false,"footnotes":"","_members_access_role":[],"_members_access_error":""},"categories":[40216],"tags":[18305],"class_list":["post-473846","post","type-post","status-publish","format-standard","has-post-thumbnail","category-dominican-news","tag-arajet"],"acf":[],"jetpack_sharing_enabled":true,"jetpack_shortlink":"https:\/\/wp.me\/phj1q1-1ZgG","jetpack_featured_media_url":"https:\/\/deultimominuto.com\/en\/wp-content\/uploads\/sites\/2\/2025\/07\/Jornada-de-Reforestacion-Ojos-Indigenas.jpeg","dum_api":{"author_name":"Redacci\u00f3n De \u00daltimo Minuto","author_image":"https:\/\/deultimominuto.com\/wp-content\/uploads\/2025\/02\/cropped-logo-de-ultimo-minuto-96x96.png","categories_name":["Dominican News"],"featured_media_url":"https:\/\/cdn.deultimominuto.com\/en\/wp-content\/uploads\/sites\/2\/2025\/07\/Jornada-de-Reforestacion-Ojos-Indigenas.jpeg"},"_links":{"self":[{"href":"https:\/\/deultimominuto.com\/en\/wp-json\/wp\/v2\/posts\/473846","targetHints":{"allow":["GET"]}}],"collection":[{"href":"https:\/\/deultimominuto.com\/en\/wp-json\/wp\/v2\/posts"}],"about":[{"href":"https:\/\/deultimominuto.com\/en\/wp-json\/wp\/v2\/types\/post"}],"author":[{"embeddable":true,"href":"https:\/\/deultimominuto.com\/en\/wp-json\/wp\/v2\/users\/4"}],"replies":[{"embeddable":true,"href":"https:\/\/deultimominuto.com\/en\/wp-json\/wp\/v2\/comments?post=473846"}],"version-history":[{"count":0,"href":"https:\/\/deultimominuto.com\/en\/wp-json\/wp\/v2\/posts\/473846\/revisions"}],"wp:featuredmedia":[{"embeddable":true,"href":"https:\/\/deultimominuto.com\/en\/wp-json\/wp\/v2\/media\/474305"}],"wp:attachment":[{"href":"https:\/\/deultimominuto.com\/en\/wp-json\/wp\/v2\/media?parent=473846"}],"wp:term":[{"taxonomy":"category","embeddable":true,"href":"https:\/\/deultimominuto.com\/en\/wp-json\/wp\/v2\/categories?post=473846"},{"taxonomy":"post_tag","embeddable":true,"href":"https:\/\/deultimominuto.com\/en\/wp-json\/wp\/v2\/tags?post=473846"}],"curies":[{"name":"wp","href":"https:\/\/api.w.org\/{rel}","templated":true}]}}