{"id":473854,"date":"2025-07-02T20:29:00","date_gmt":"2025-07-03T00:29:00","guid":{"rendered":"https:\/\/deultimominuto.net\/en\/uncategorized\/president-orders-transfer-of-ercilia-pepin-and-juancito-rodriguez-to-the-national-pantheon\/"},"modified":"2025-07-02T20:29:00","modified_gmt":"2025-07-03T00:29:00","slug":"president-orders-transfer-of-ercilia-pepin-and-juancito-rodriguez-to-the-national-pantheon","status":"publish","type":"post","link":"https:\/\/deultimominuto.com\/en\/dominican-news\/president-orders-transfer-of-ercilia-pepin-and-juancito-rodriguez-to-the-national-pantheon\/","title":{"rendered":"President orders transfer of Ercilia Pep\u00edn and Juancito Rodr\u00edguez to the National Pantheon"},"content":{"rendered":"<strong>Santo Domingo<\/strong>.\u2013 By decrees 282-25 and 289-25, the Executive Branch ordered the transfer to the National Pantheon of the remains of Ercilia Pep\u00edn Estrella and Juan Rodr\u00edguez Garc\u00eda (Juancito Rodr\u00edguez).\n\nThe presidential decision, issued on May 27 and 30, respectively, includes the formation of official commissions in charge of organizing the solemn acts corresponding to each transfer.\n\nYou can also read: <a href=\"https:\/\/ab.deultimominuto.net\/nacionales\/someten-proyecto-de-ercilia-pepin\/\" target=\"_blank\" rel=\"noopener\">Senator Daniel Rivera submits bill on Ercilia Pep\u00edn<\/a>\n\nIn the case of Ercilia Pep\u00edn, an illustrious educator and defender of civic-mindedness, the commission will be chaired by the Minister of Women, Mayra Jim\u00e9nez, and composed of representatives from academic and patriotic institutions, such as the Permanent Commission of Patriotic Ephemeris, the Dominican Academy of History, the General Archive of the Nation, the Ministry of Culture, the Ministry of Defense, the Ministry of Education, the Autonomous University of Santo Domingo (<a href=\"https:\/\/uasd.edu.do\/\" data-type=\"link\" data-id=\"https:\/\/uasd.edu.do\/\" target=\"_blank\" rel=\"noopener\">UASD<\/a>) and the Dominican Association of Universities (ADOU).\n\nFor its part, the commission that will coordinate the transfer of Juancito Rodr\u00edguez, a radio pioneer in the country and a key figure in national communication, will be headed by the Minister of <a href=\"https:\/\/cultura.gob.do\/\" data-type=\"link\" data-id=\"https:\/\/cultura.gob.do\/\" target=\"_blank\" rel=\"noopener\">Culture<\/a>. It will also include authorities from the same entities mentioned above, along with the Ministry of Interior and Police.\n\nThese actions are protected by Law 4463, which grants the Executive Branch the power to order, at the time it deems appropriate, the transfer to the National Pantheon of distinguished Dominicans, as a recognition of their historical and social legacy.\n\n\n<figure class=\"wp-block-image size-full\"><img decoding=\"async\" src=\"https:\/\/ab.deultimominuto.net\/wp-content\/uploads\/2025\/07\/Juancito-Rodriguez.webp\" alt=\"Presidente ordena traslado de Ercilia Pep\u00edn y Juancito Rodr\u00edguez al Pante\u00f3n de la Patria\" class=\"wp-image-497731\" title=\"\"><figcaption class=\"wp-element-caption\">Presidente ordena traslado de Ercilia Pep\u00edn y Juancito Rodr\u00edguez al Pante\u00f3n de la Patria<\/figcaption><\/figure>\n","protected":false},"excerpt":{"rendered":"<p>Santo Domingo.\u2013 By decrees 282-25 and 289-25, the Executive Branch ordered the transfer to the National Pantheon of the remains of Ercilia Pep\u00edn Estrella and Juan Rodr\u00edguez Garc\u00eda (Juancito Rodr\u00edguez). The presidential decision, issued on May 27 and 30, respectively, includes the formation of official commissions in charge of organizing the solemn acts corresponding to [&hellip;]<\/p>\n","protected":false},"author":4,"featured_media":474298,"comment_status":"open","ping_status":"open","sticky":false,"template":"","format":"standard","meta":{"_acf_changed":false,"_jetpack_newsletter_access":"","_jetpack_dont_email_post_to_subs":false,"_jetpack_newsletter_tier_id":0,"_jetpack_memberships_contains_paywalled_content":false,"_jetpack_memberships_contains_paid_content":false,"footnotes":"","_members_access_role":[],"_members_access_error":""},"categories":[40216],"tags":[36721],"class_list":["post-473854","post","type-post","status-publish","format-standard","has-post-thumbnail","category-dominican-news","tag-ercilia-pepin"],"acf":[],"jetpack_sharing_enabled":true,"jetpack_shortlink":"https:\/\/wp.me\/phj1q1-1ZgO","jetpack_featured_media_url":"https:\/\/deultimominuto.com\/en\/wp-content\/uploads\/sites\/2\/2025\/07\/Ercilia-Pepin.webp","dum_api":{"author_name":"Redacci\u00f3n De \u00daltimo Minuto","author_image":"https:\/\/deultimominuto.com\/wp-content\/uploads\/2025\/02\/cropped-logo-de-ultimo-minuto-96x96.png","categories_name":["Dominican News"],"featured_media_url":"https:\/\/cdn.deultimominuto.com\/en\/wp-content\/uploads\/sites\/2\/2025\/07\/Ercilia-Pepin.webp"},"_links":{"self":[{"href":"https:\/\/deultimominuto.com\/en\/wp-json\/wp\/v2\/posts\/473854","targetHints":{"allow":["GET"]}}],"collection":[{"href":"https:\/\/deultimominuto.com\/en\/wp-json\/wp\/v2\/posts"}],"about":[{"href":"https:\/\/deultimominuto.com\/en\/wp-json\/wp\/v2\/types\/post"}],"author":[{"embeddable":true,"href":"https:\/\/deultimominuto.com\/en\/wp-json\/wp\/v2\/users\/4"}],"replies":[{"embeddable":true,"href":"https:\/\/deultimominuto.com\/en\/wp-json\/wp\/v2\/comments?post=473854"}],"version-history":[{"count":0,"href":"https:\/\/deultimominuto.com\/en\/wp-json\/wp\/v2\/posts\/473854\/revisions"}],"wp:featuredmedia":[{"embeddable":true,"href":"https:\/\/deultimominuto.com\/en\/wp-json\/wp\/v2\/media\/474298"}],"wp:attachment":[{"href":"https:\/\/deultimominuto.com\/en\/wp-json\/wp\/v2\/media?parent=473854"}],"wp:term":[{"taxonomy":"category","embeddable":true,"href":"https:\/\/deultimominuto.com\/en\/wp-json\/wp\/v2\/categories?post=473854"},{"taxonomy":"post_tag","embeddable":true,"href":"https:\/\/deultimominuto.com\/en\/wp-json\/wp\/v2\/tags?post=473854"}],"curies":[{"name":"wp","href":"https:\/\/api.w.org\/{rel}","templated":true}]}}