{"id":475144,"date":"2025-07-14T17:27:58","date_gmt":"2025-07-14T21:27:58","guid":{"rendered":"https:\/\/deultimominuto.net\/en\/uncategorized\/public-ministry-seeks-18-months-of-pre-trial-detention-for-those-involved-in-operation-wolf\/"},"modified":"2025-07-14T17:27:58","modified_gmt":"2025-07-14T21:27:58","slug":"public-ministry-seeks-18-months-of-pre-trial-detention-for-those-involved-in-operation-wolf","status":"publish","type":"post","link":"https:\/\/deultimominuto.com\/en\/dominican-news\/justice\/public-ministry-seeks-18-months-of-pre-trial-detention-for-those-involved-in-operation-wolf\/","title":{"rendered":"Public Ministry seeks 18 months of pre-trial detention for those involved in Operation Wolf"},"content":{"rendered":"<em><strong>Santo Domingo.<\/strong>\u2013<\/em> From the <strong>Hearing Room of the Third Collegiate Tribunal of the Palace of Justice of Ciudad Nuev<\/strong>a, the request for preventive detention against ten military personnel and civilians linked to the corruption network called <strong>&#8220;Operation Wolf&#8221;<\/strong> will be heard.\n\nThe Public Ministry requests 18 months of prison as a coercive measure, in addition to the case being declared complex.\n\n\n<p class=\"wp-block-paragraph\"><strong>You may be interested in: <\/strong><a href=\"https:\/\/ab.deultimominuto.net\/nacionales\/en-marcha-operacion-jaguar\/\" data-type=\"post\" data-id=\"497319\" target=\"_blank\" rel=\"noopener\">Public Ministry launches Operation Jaguar<\/a><\/p>\n\n\nThe file contains approximately 450 pages and over 500 pieces of evidence, including documentary, testimonial, and expert evidence.\n\nOperation Wolf seeks to prosecute the members of a structure made up of military personnel and civilians who allegedly used bribes to obtain private security contracts and maintain links with suppliers of public institutions.\n\nAmong those involved are retired Major General Carlos Ambrosio Robles D\u00edaz, and Colonels Andr\u00e9s Pacheco Varela, Luis Ernesto Vicioso Bocio, Francisco Guar\u00edn Fern\u00e1ndez and El\u00edas Cama\u00f1o P\u00e9rez.\n\nAlso indicated are Air Force Colonel Yorbyn Eduardo Eufracio Aybar, Army First Lieutenant Wellington Peralta Santos, businessman Quilvio Bienvenido Rodr\u00edguez Gonz\u00e1lez, National Police Colonel Ram\u00f3n Quezada Ortiz, and civilian Bol\u00edvar Nicol\u00e1s Fern\u00e1ndez Espinal.","protected":false},"excerpt":{"rendered":"<p>Santo Domingo.\u2013 From the Hearing Room of the Third Collegiate Tribunal of the Palace of Justice of Ciudad Nueva, the request for preventive detention against ten military personnel and civilians linked to the corruption network called &#8220;Operation Wolf&#8221; will be heard. The Public Ministry requests 18 months of prison as a coercive measure, in addition [&hellip;]<\/p>\n","protected":false},"author":133543,"featured_media":475145,"comment_status":"open","ping_status":"open","sticky":false,"template":"","format":"standard","meta":{"_acf_changed":false,"_jetpack_newsletter_access":"","_jetpack_dont_email_post_to_subs":false,"_jetpack_newsletter_tier_id":0,"_jetpack_memberships_contains_paywalled_content":false,"_jetpack_memberships_contains_paid_content":false,"footnotes":"","_members_access_role":[],"_members_access_error":""},"categories":[36952],"tags":[41615,40265],"class_list":["post-475144","post","type-post","status-publish","format-standard","has-post-thumbnail","category-justice","tag-operation-wolf","tag-public-ministry"],"acf":[],"jetpack_sharing_enabled":true,"jetpack_shortlink":"https:\/\/wp.me\/phj1q1-1ZBC","jetpack_featured_media_url":"https:\/\/deultimominuto.com\/en\/wp-content\/uploads\/sites\/2\/2025\/07\/WhatsApp-Image-2025-07-14-at-5.11.40-PM.jpeg","dum_api":{"author_name":"Carolina \u00c1lvarez","author_image":"https:\/\/deultimominuto.com\/wp-content\/uploads\/2026\/05\/cropped-WhatsApp-Image-2026-05-26-at-5.31.57-PM-96x96.jpeg","categories_name":["Justice"],"featured_media_url":"https:\/\/cdn.deultimominuto.com\/en\/wp-content\/uploads\/sites\/2\/2025\/07\/WhatsApp-Image-2025-07-14-at-5.11.40-PM.jpeg"},"_links":{"self":[{"href":"https:\/\/deultimominuto.com\/en\/wp-json\/wp\/v2\/posts\/475144","targetHints":{"allow":["GET"]}}],"collection":[{"href":"https:\/\/deultimominuto.com\/en\/wp-json\/wp\/v2\/posts"}],"about":[{"href":"https:\/\/deultimominuto.com\/en\/wp-json\/wp\/v2\/types\/post"}],"author":[{"embeddable":true,"href":"https:\/\/deultimominuto.com\/en\/wp-json\/wp\/v2\/users\/133543"}],"replies":[{"embeddable":true,"href":"https:\/\/deultimominuto.com\/en\/wp-json\/wp\/v2\/comments?post=475144"}],"version-history":[{"count":0,"href":"https:\/\/deultimominuto.com\/en\/wp-json\/wp\/v2\/posts\/475144\/revisions"}],"wp:featuredmedia":[{"embeddable":true,"href":"https:\/\/deultimominuto.com\/en\/wp-json\/wp\/v2\/media\/475145"}],"wp:attachment":[{"href":"https:\/\/deultimominuto.com\/en\/wp-json\/wp\/v2\/media?parent=475144"}],"wp:term":[{"taxonomy":"category","embeddable":true,"href":"https:\/\/deultimominuto.com\/en\/wp-json\/wp\/v2\/categories?post=475144"},{"taxonomy":"post_tag","embeddable":true,"href":"https:\/\/deultimominuto.com\/en\/wp-json\/wp\/v2\/tags?post=475144"}],"curies":[{"name":"wp","href":"https:\/\/api.w.org\/{rel}","templated":true}]}}