{"id":475211,"date":"2025-07-15T15:03:00","date_gmt":"2025-07-15T19:03:00","guid":{"rendered":"https:\/\/deultimominuto.net\/en\/uncategorized\/abinader-declares-official-mourning-for-the-death-of-rafael-antonio-fello-subervi-bonilla\/"},"modified":"2025-07-15T15:03:00","modified_gmt":"2025-07-15T19:03:00","slug":"abinader-declares-official-mourning-for-the-death-of-rafael-antonio-fello-subervi-bonilla","status":"publish","type":"post","link":"https:\/\/deultimominuto.com\/en\/dominican-news\/abinader-declares-official-mourning-for-the-death-of-rafael-antonio-fello-subervi-bonilla\/","title":{"rendered":"Abinader declares official mourning for the death of Rafael Antonio \u201cFello\u201d Suberv\u00ed Bonilla"},"content":{"rendered":"\n<p class=\"wp-block-paragraph\"><strong>Santo Domingo.<\/strong>&#8211;\u00a0<strong>President Luis Abinader,<\/strong>\u00a0through\u00a0<strong>Decree No. 387-25,\u00a0<\/strong>declared for this\u00a0<strong>Wednesday 16<\/strong>\u00a0of July\u00a0<strong>official mourning<\/strong>\u00a0for the death of\u00a0<strong>Rafael Antonio \u201cFello\u201d Suberv\u00ed Bonilla<\/strong>.<\/p>\n\n\nThrough decree 387-25, the Ministry of Defense was instructed to render military honors to this prominent Dominican citizen.\n\n\n<p class=\"wp-block-paragraph\"><strong>You may be interested in:<\/strong> <a href=\"http:\/\/Honras f\u00fanebres de Fello Suberv\u00ed ser\u00e1n este martes en la funeraria Blandino\">http:\/\/Honras f\u00fanebres de Fello Suberv\u00ed ser\u00e1n este martes en la funeraria Blandino<\/a><\/p>\n\n\nThe National Flag shall fly at half-mast on the designated day in military installations and public buildings throughout the country.\n\n\n<p class=\"wp-block-paragraph\"><strong>About Rafael (Fello) Suberv\u00ed Bonilla<\/strong><\/p>\n\n\nBonilla held important public positions, including Secretary of Tourism on two occasions, (1982-1986), in the Government of Salvador Jorge Blanco, and from 2001 to 2004, under the mandate of Hip\u00f3lito Mej\u00eda.\n\nHe was also mayor of the National District in two periods, from 1986 to 1990 and from 1994 to 1998.","protected":false},"excerpt":{"rendered":"<p>Santo Domingo.&#8211;\u00a0President Luis Abinader,\u00a0through\u00a0Decree No. 387-25,\u00a0declared for this\u00a0Wednesday 16\u00a0of July\u00a0official mourning\u00a0for the death of\u00a0Rafael Antonio \u201cFello\u201d Suberv\u00ed Bonilla. Through decree 387-25, the Ministry of Defense was instructed to render military honors to this prominent Dominican citizen. You may be interested in: http:\/\/Honras f\u00fanebres de Fello Suberv\u00ed ser\u00e1n este martes en la funeraria Blandino The National [&hellip;]<\/p>\n","protected":false},"author":4,"featured_media":475212,"comment_status":"open","ping_status":"open","sticky":false,"template":"","format":"standard","meta":{"_acf_changed":false,"_jetpack_newsletter_access":"","_jetpack_dont_email_post_to_subs":false,"_jetpack_newsletter_tier_id":0,"_jetpack_memberships_contains_paywalled_content":false,"_jetpack_memberships_contains_paid_content":false,"footnotes":"","_members_access_role":[],"_members_access_error":""},"categories":[40216],"tags":[21],"class_list":["post-475211","post","type-post","status-publish","format-standard","has-post-thumbnail","category-dominican-news","tag-luis-abinader"],"acf":[],"jetpack_sharing_enabled":true,"jetpack_shortlink":"https:\/\/wp.me\/phj1q1-1ZCH","jetpack_featured_media_url":"https:\/\/deultimominuto.com\/en\/wp-content\/uploads\/sites\/2\/2025\/07\/FELLO.webp","dum_api":{"author_name":"Redacci\u00f3n De \u00daltimo Minuto","author_image":"https:\/\/deultimominuto.com\/wp-content\/uploads\/2025\/02\/cropped-logo-de-ultimo-minuto-96x96.png","categories_name":["Dominican News"],"featured_media_url":"https:\/\/cdn.deultimominuto.com\/en\/wp-content\/uploads\/sites\/2\/2025\/07\/FELLO.webp"},"_links":{"self":[{"href":"https:\/\/deultimominuto.com\/en\/wp-json\/wp\/v2\/posts\/475211","targetHints":{"allow":["GET"]}}],"collection":[{"href":"https:\/\/deultimominuto.com\/en\/wp-json\/wp\/v2\/posts"}],"about":[{"href":"https:\/\/deultimominuto.com\/en\/wp-json\/wp\/v2\/types\/post"}],"author":[{"embeddable":true,"href":"https:\/\/deultimominuto.com\/en\/wp-json\/wp\/v2\/users\/4"}],"replies":[{"embeddable":true,"href":"https:\/\/deultimominuto.com\/en\/wp-json\/wp\/v2\/comments?post=475211"}],"version-history":[{"count":0,"href":"https:\/\/deultimominuto.com\/en\/wp-json\/wp\/v2\/posts\/475211\/revisions"}],"wp:featuredmedia":[{"embeddable":true,"href":"https:\/\/deultimominuto.com\/en\/wp-json\/wp\/v2\/media\/475212"}],"wp:attachment":[{"href":"https:\/\/deultimominuto.com\/en\/wp-json\/wp\/v2\/media?parent=475211"}],"wp:term":[{"taxonomy":"category","embeddable":true,"href":"https:\/\/deultimominuto.com\/en\/wp-json\/wp\/v2\/categories?post=475211"},{"taxonomy":"post_tag","embeddable":true,"href":"https:\/\/deultimominuto.com\/en\/wp-json\/wp\/v2\/tags?post=475211"}],"curies":[{"name":"wp","href":"https:\/\/api.w.org\/{rel}","templated":true}]}}