{"id":475312,"date":"2025-07-16T17:29:56","date_gmt":"2025-07-16T21:29:56","guid":{"rendered":"https:\/\/deultimominuto.net\/en\/uncategorized\/was-rafaella-born-francisca-is-taken-to-the-hospital-in-the-early-morning\/"},"modified":"2025-07-16T17:29:56","modified_gmt":"2025-07-16T21:29:56","slug":"was-rafaella-born-francisca-is-taken-to-the-hospital-in-the-early-morning","status":"publish","type":"post","link":"https:\/\/deultimominuto.com\/en\/entertainment\/was-rafaella-born-francisca-is-taken-to-the-hospital-in-the-early-morning\/","title":{"rendered":"\u00bfWas Rafaella born? Francisca is taken to the hospital in the early morning"},"content":{"rendered":"<em><strong>Miami.<\/strong>\u2013<\/em> Dominican presenter and actress <strong>Francisca<\/strong>, winner of <em>Nuestra Belleza Latina 2015<\/em>, was taken to the hospital in the early hours of this Wednesday, according to her colleague <strong>Ra\u00fal Gonz\u00e1lez<\/strong> during the broadcast of the program <em>Despierta Am\u00e9rica<\/em>, broadcast by Univisi\u00f3n.\n\n\u201c<strong>Our Fran had to go to the hospital this morning. May God take care of her, bless her, protect her, and watch over her<\/strong>\u201d, expressed Gonz\u00e1lez, hinting that it could be the birth of <strong>Rafaella<\/strong>, the daughter the communicator is expecting and who would become the third member of her family.\n\n\n<p class=\"wp-block-paragraph\"><strong>You may be interested in:<\/strong> <a href=\"https:\/\/ab.deultimominuto.net\/entretenimiento\/internautas-en-redes-sociales-estallan-contra-francisca\/\" data-type=\"post\" data-id=\"382601\" target=\"_blank\" rel=\"noopener\">Internet users on social networks explode against Francisca<\/a><\/p>\n\n\nThe news generated immediate reactions among the program&#8217;s followers, who are wondering if the expected baby has already been born, especially considering that Francisca continued to fulfill her work commitments despite the fact that her pregnancy was at a very advanced stage.\n\nRafaella would be the <strong>first daughter and third descendant<\/strong> of Francisca, who is already the mother of <strong>Gennaro<\/strong> and <strong>Franco<\/strong>. The arrival of the girl has been celebrated since its announcement as the piece that will complete her family.\n\nSo far, no official confirmation has been offered about the birth, but the team of <em>Despierta Am\u00e9rica<\/em> assured that they will remain attentive to share any news about Francisca&#8217;s health and her baby.","protected":false},"excerpt":{"rendered":"<p>Miami.\u2013 Dominican presenter and actress Francisca, winner of Nuestra Belleza Latina 2015, was taken to the hospital in the early hours of this Wednesday, according to her colleague Ra\u00fal Gonz\u00e1lez during the broadcast of the program Despierta Am\u00e9rica, broadcast by Univisi\u00f3n. \u201cOur Fran had to go to the hospital this morning. May God take care [&hellip;]<\/p>\n","protected":false},"author":4,"featured_media":475313,"comment_status":"open","ping_status":"open","sticky":false,"template":"","format":"standard","meta":{"_acf_changed":false,"_jetpack_newsletter_access":"","_jetpack_dont_email_post_to_subs":false,"_jetpack_newsletter_tier_id":0,"_jetpack_memberships_contains_paywalled_content":false,"_jetpack_memberships_contains_paid_content":false,"footnotes":"","_members_access_role":[],"_members_access_error":""},"categories":[5],"tags":[41478],"class_list":["post-475312","post","type-post","status-publish","format-standard","has-post-thumbnail","category-entertainment","tag-francisca-lachapel"],"acf":[],"jetpack_sharing_enabled":true,"jetpack_shortlink":"https:\/\/wp.me\/phj1q1-1ZEk","jetpack_featured_media_url":"https:\/\/deultimominuto.com\/en\/wp-content\/uploads\/sites\/2\/2025\/07\/7e4cb74a97bb-499572067185139683140116128008689913640612151n.webp","dum_api":{"author_name":"Redacci\u00f3n De \u00daltimo Minuto","author_image":"https:\/\/deultimominuto.com\/wp-content\/uploads\/2025\/02\/cropped-logo-de-ultimo-minuto-96x96.png","categories_name":["Entertainment"],"featured_media_url":"https:\/\/cdn.deultimominuto.com\/en\/wp-content\/uploads\/sites\/2\/2025\/07\/7e4cb74a97bb-499572067185139683140116128008689913640612151n.webp"},"_links":{"self":[{"href":"https:\/\/deultimominuto.com\/en\/wp-json\/wp\/v2\/posts\/475312","targetHints":{"allow":["GET"]}}],"collection":[{"href":"https:\/\/deultimominuto.com\/en\/wp-json\/wp\/v2\/posts"}],"about":[{"href":"https:\/\/deultimominuto.com\/en\/wp-json\/wp\/v2\/types\/post"}],"author":[{"embeddable":true,"href":"https:\/\/deultimominuto.com\/en\/wp-json\/wp\/v2\/users\/4"}],"replies":[{"embeddable":true,"href":"https:\/\/deultimominuto.com\/en\/wp-json\/wp\/v2\/comments?post=475312"}],"version-history":[{"count":0,"href":"https:\/\/deultimominuto.com\/en\/wp-json\/wp\/v2\/posts\/475312\/revisions"}],"wp:featuredmedia":[{"embeddable":true,"href":"https:\/\/deultimominuto.com\/en\/wp-json\/wp\/v2\/media\/475313"}],"wp:attachment":[{"href":"https:\/\/deultimominuto.com\/en\/wp-json\/wp\/v2\/media?parent=475312"}],"wp:term":[{"taxonomy":"category","embeddable":true,"href":"https:\/\/deultimominuto.com\/en\/wp-json\/wp\/v2\/categories?post=475312"},{"taxonomy":"post_tag","embeddable":true,"href":"https:\/\/deultimominuto.com\/en\/wp-json\/wp\/v2\/tags?post=475312"}],"curies":[{"name":"wp","href":"https:\/\/api.w.org\/{rel}","templated":true}]}}