{"id":475499,"date":"2025-07-19T08:03:46","date_gmt":"2025-07-19T12:03:46","guid":{"rendered":"https:\/\/deultimominuto.net\/en\/uncategorized\/the-president-of-colombia-visits-haiti-to-discuss-security-and-institutional-strengthening\/"},"modified":"2025-07-19T08:03:46","modified_gmt":"2025-07-19T12:03:46","slug":"the-president-of-colombia-visits-haiti-to-discuss-security-and-institutional-strengthening","status":"publish","type":"post","link":"https:\/\/deultimominuto.com\/en\/international\/the-president-of-colombia-visits-haiti-to-discuss-security-and-institutional-strengthening\/","title":{"rendered":"The President of Colombia visits Haiti to discuss security and institutional strengthening"},"content":{"rendered":"\n<p class=\"wp-block-paragraph\"><strong>Port-au-Prince.-<\/strong> The <strong>Haitian government<\/strong> stated that the visit to the country initiated this Friday by the President of Colombia, <strong>Gustavo Petro<\/strong>, will focus on cooperation in security matters, the training of armed and police forces, as well as the consolidation of institutional partnerships.<\/p>\n\n\nThe Haitian Prime Minister&#8217;s office said on its X account that a high-level dialogue program is planned, including meetings with its head, Alix Didier Fils-Aim\u00e9; the Colombian Minister of Defense, Pedro S\u00e1nchez Su\u00e1rez; the high command of the Armed Forces and the National Police, as well as an official meeting with members of the Presidential Transition Council (CPT).\n\n\u00abThe Haitian government reaffirms, on this occasion, its commitment to deepen the historic ties of friendship and cooperation between both nations, in a spirit of solidarity and mutually beneficial collaboration,\u00bb the information highlighted.\n\n\n<h2 class=\"wp-block-heading\" id=\"h-petro-strengthens-bilateral-relations\">Petro strengthens bilateral relations<\/h2>\n\n\nPetro includes in his trip to Haiti a visit to the Colombian consulate in Port-au-Prince and conversations with the diplomatic corps.\n\nFils-Aim\u00e9&#8217;s office highlighted that this, Petro&#8217;s second visit to the country this year, demonstrates the importance given to strengthening relations between both countries.\n\nThe Colombian Presidency said on its X account that Petro met with the president of the CPT, Fritz-Alphonse Jean, a meeting in which they discussed the main advances in bilateral projects such as the fight against drug trafficking, trade, education, and security.","protected":false},"excerpt":{"rendered":"<p>Port-au-Prince.- The Haitian government stated that the visit to the country initiated this Friday by the President of Colombia, Gustavo Petro, will focus on cooperation in security matters, the training of armed and police forces, as well as the consolidation of institutional partnerships. The Haitian Prime Minister&#8217;s office said on its X account that a [&hellip;]<\/p>\n","protected":false},"author":3,"featured_media":475500,"comment_status":"open","ping_status":"open","sticky":false,"template":"","format":"standard","meta":{"_acf_changed":false,"_jetpack_newsletter_access":"","_jetpack_dont_email_post_to_subs":false,"_jetpack_newsletter_tier_id":0,"_jetpack_memberships_contains_paywalled_content":false,"_jetpack_memberships_contains_paid_content":false,"footnotes":"","_members_access_role":[],"_members_access_error":""},"categories":[95],"tags":[13631,14610,1537],"class_list":["post-475499","post","type-post","status-publish","format-standard","has-post-thumbnail","category-international","tag-colombia","tag-gustavo-petro","tag-haiti"],"acf":[],"jetpack_sharing_enabled":true,"jetpack_shortlink":"https:\/\/wp.me\/phj1q1-1ZHl","jetpack_featured_media_url":"https:\/\/deultimominuto.com\/en\/wp-content\/uploads\/sites\/2\/2025\/07\/IMG_4789.webp","dum_api":{"author_name":"EFE","author_image":"https:\/\/deultimominuto.com\/wp-content\/uploads\/2021\/08\/1200px-EFE_logo.svg-96x96.png","categories_name":["International"],"featured_media_url":"https:\/\/cdn.deultimominuto.com\/en\/wp-content\/uploads\/sites\/2\/2025\/07\/IMG_4789.webp"},"_links":{"self":[{"href":"https:\/\/deultimominuto.com\/en\/wp-json\/wp\/v2\/posts\/475499","targetHints":{"allow":["GET"]}}],"collection":[{"href":"https:\/\/deultimominuto.com\/en\/wp-json\/wp\/v2\/posts"}],"about":[{"href":"https:\/\/deultimominuto.com\/en\/wp-json\/wp\/v2\/types\/post"}],"author":[{"embeddable":true,"href":"https:\/\/deultimominuto.com\/en\/wp-json\/wp\/v2\/users\/3"}],"replies":[{"embeddable":true,"href":"https:\/\/deultimominuto.com\/en\/wp-json\/wp\/v2\/comments?post=475499"}],"version-history":[{"count":0,"href":"https:\/\/deultimominuto.com\/en\/wp-json\/wp\/v2\/posts\/475499\/revisions"}],"wp:featuredmedia":[{"embeddable":true,"href":"https:\/\/deultimominuto.com\/en\/wp-json\/wp\/v2\/media\/475500"}],"wp:attachment":[{"href":"https:\/\/deultimominuto.com\/en\/wp-json\/wp\/v2\/media?parent=475499"}],"wp:term":[{"taxonomy":"category","embeddable":true,"href":"https:\/\/deultimominuto.com\/en\/wp-json\/wp\/v2\/categories?post=475499"},{"taxonomy":"post_tag","embeddable":true,"href":"https:\/\/deultimominuto.com\/en\/wp-json\/wp\/v2\/tags?post=475499"}],"curies":[{"name":"wp","href":"https:\/\/api.w.org\/{rel}","templated":true}]}}