{"id":475782,"date":"2025-07-21T19:34:50","date_gmt":"2025-07-21T23:34:50","guid":{"rendered":"https:\/\/deultimominuto.net\/en\/uncategorized\/amidst-the-pain-they-bury-the-five-victims-of-the-accident-on-the-jamao-al-norte-highway\/"},"modified":"2025-07-21T19:34:50","modified_gmt":"2025-07-21T23:34:50","slug":"amidst-the-pain-they-bury-the-five-victims-of-the-accident-on-the-jamao-al-norte-highway","status":"publish","type":"post","link":"https:\/\/deultimominuto.com\/en\/dominican-news\/amidst-the-pain-they-bury-the-five-victims-of-the-accident-on-the-jamao-al-norte-highway\/","title":{"rendered":"Amidst the pain, they bury the five victims of the accident on the Jamao al Norte highway"},"content":{"rendered":"<strong>Esperanza, Valverde.<\/strong> \u2013 In an atmosphere of deep sadness and consternation, the remains of the five people who lost their lives in the tragic traffic accident that occurred last Sunday on the road <strong>Jamao al Norte, Espaillat province,<\/strong> were buried this Monday.\n\nFamily members, friends, and community members accompanied the funeral procession with tears and pain to the municipal cemetery of the municipality of <strong>Esperanza,<\/strong> where they said their final farewell to the victims, all from the province of <strong>Valverde.<\/strong>\n\n\n<p class=\"wp-block-paragraph\"><strong>You may be interested in: <\/strong><a href=\"https:\/\/ab.deultimominuto.net\/nacionales\/accidente\/\" data-type=\"post\" data-id=\"504678\" target=\"_blank\" rel=\"noopener\">Bus that crashed in Jamao\u2013San V\u00edctor was completely destroyed<\/a><\/p>\n\n\nThe deceased were identified as <strong>Iv\u00e1n de Jes\u00fas Almonte Gonz\u00e1lez<\/strong>, <strong>Liz Manuel Molina Mezquita<\/strong>, <strong>Jos\u00e9 Antonio Gonz\u00e1lez Beltr\u00e1n<\/strong>, <strong>Giovanni M\u00e9zquita S\u00e1nchez<\/strong>, and <strong>Winnifer Aragon\u00e9s Mezquita<\/strong>.\n\nAccording to the preliminary report, the accident occurred when a bus returning from a tour overturned in the area known as <strong>La Cumbre<\/strong>, in the municipality of <strong>San V\u00edctor<\/strong>, Espaillat province. The event left a balance of <strong>52 injured<\/strong>, of which <strong>50 have already been discharged<\/strong> from the Toribio Bencosme Hospital in Moca.\n\nIt is presumed that a <strong>brake system failure<\/strong> caused the driver to lose control of the vehicle, leading to the tragic event.\n\n\n<p class=\"wp-block-paragraph\">This unfortunate accident adds to a series of road tragedies that left <strong>13 people dead<\/strong> in different parts of the Cibao during the weekend, generating great sorrow throughout the northern region of the country.<\/p>\n","protected":false},"excerpt":{"rendered":"<p>Esperanza, Valverde. \u2013 In an atmosphere of deep sadness and consternation, the remains of the five people who lost their lives in the tragic traffic accident that occurred last Sunday on the road Jamao al Norte, Espaillat province, were buried this Monday. Family members, friends, and community members accompanied the funeral procession with tears and [&hellip;]<\/p>\n","protected":false},"author":27,"featured_media":475783,"comment_status":"open","ping_status":"open","sticky":false,"template":"","format":"standard","meta":{"_acf_changed":false,"_jetpack_newsletter_access":"","_jetpack_dont_email_post_to_subs":false,"_jetpack_newsletter_tier_id":0,"_jetpack_memberships_contains_paywalled_content":false,"_jetpack_memberships_contains_paid_content":false,"footnotes":"","_members_access_role":[],"_members_access_error":""},"categories":[40216],"tags":[41640],"class_list":["post-475782","post","type-post","status-publish","format-standard","has-post-thumbnail","category-dominican-news","tag-jamao-al-norte-accident"],"acf":[],"jetpack_sharing_enabled":true,"jetpack_shortlink":"https:\/\/wp.me\/phj1q1-1ZLU","jetpack_featured_media_url":"https:\/\/deultimominuto.com\/en\/wp-content\/uploads\/sites\/2\/2025\/07\/WhatsApp-Image-2025-07-21-at-6.21.31-PM.jpeg","dum_api":{"author_name":"Arelis Suero","author_image":"https:\/\/deultimominuto.com\/wp-content\/uploads\/2024\/03\/cropped-cropped-Diseno-sin-titulo-41-96x96.jpg","categories_name":["Dominican News"],"featured_media_url":"https:\/\/cdn.deultimominuto.com\/en\/wp-content\/uploads\/sites\/2\/2025\/07\/WhatsApp-Image-2025-07-21-at-6.21.31-PM.jpeg"},"_links":{"self":[{"href":"https:\/\/deultimominuto.com\/en\/wp-json\/wp\/v2\/posts\/475782","targetHints":{"allow":["GET"]}}],"collection":[{"href":"https:\/\/deultimominuto.com\/en\/wp-json\/wp\/v2\/posts"}],"about":[{"href":"https:\/\/deultimominuto.com\/en\/wp-json\/wp\/v2\/types\/post"}],"author":[{"embeddable":true,"href":"https:\/\/deultimominuto.com\/en\/wp-json\/wp\/v2\/users\/27"}],"replies":[{"embeddable":true,"href":"https:\/\/deultimominuto.com\/en\/wp-json\/wp\/v2\/comments?post=475782"}],"version-history":[{"count":0,"href":"https:\/\/deultimominuto.com\/en\/wp-json\/wp\/v2\/posts\/475782\/revisions"}],"wp:featuredmedia":[{"embeddable":true,"href":"https:\/\/deultimominuto.com\/en\/wp-json\/wp\/v2\/media\/475783"}],"wp:attachment":[{"href":"https:\/\/deultimominuto.com\/en\/wp-json\/wp\/v2\/media?parent=475782"}],"wp:term":[{"taxonomy":"category","embeddable":true,"href":"https:\/\/deultimominuto.com\/en\/wp-json\/wp\/v2\/categories?post=475782"},{"taxonomy":"post_tag","embeddable":true,"href":"https:\/\/deultimominuto.com\/en\/wp-json\/wp\/v2\/tags?post=475782"}],"curies":[{"name":"wp","href":"https:\/\/api.w.org\/{rel}","templated":true}]}}