{"id":475942,"date":"2025-07-22T21:08:03","date_gmt":"2025-07-23T01:08:03","guid":{"rendered":"https:\/\/deultimominuto.net\/en\/uncategorized\/doctor-silvia-marte-a-pioneer-in-pediatric-dermatology-passes-away\/"},"modified":"2025-07-22T21:08:03","modified_gmt":"2025-07-23T01:08:03","slug":"doctor-silvia-marte-a-pioneer-in-pediatric-dermatology-passes-away","status":"publish","type":"post","link":"https:\/\/deultimominuto.com\/en\/dominican-news\/doctor-silvia-marte-a-pioneer-in-pediatric-dermatology-passes-away\/","title":{"rendered":"Doctor Silvia Marte, a pioneer in pediatric dermatology, passes away."},"content":{"rendered":"<strong>Santo Domingo<\/strong>.- Doctor Silvia Marte passed away at the age of 72, recognized for being one of the most influential figures in pediatric dermatology in the country.\n\nDr. Marte founded the Pediatric Dermatology and Cryosurgery Department in 1989 at the <a href=\"https:\/\/dermatologico.org.do\/\" data-type=\"link\" data-id=\"https:\/\/dermatologico.org.do\/\" target=\"_blank\" rel=\"noopener\">Dominican Dermatological Institute<\/a> and Skin Surgery &#8220;Dr. Huberto Bogaert D\u00edaz&#8221; (IDCP), where she served as head and teacher until 2021.\n\nGraduated in General Medicine, Dermatology and Dermatological Surgery from the Universidad Aut\u00f3noma de Santo Domingo (<a href=\"https:\/\/uasd.edu.do\/\" data-type=\"link\" data-id=\"https:\/\/uasd.edu.do\/\" target=\"_blank\" rel=\"noopener\">UASD<\/a>) and the <em><a href=\"https:\/\/www.facebook.com\/people\/Instituto-Dermatol%C3%B3gico-Dominicano-y-Cirug%C3%ADa-de-Piel-Dr-Huberto-Bogaert\/100063597671885\/\" data-type=\"link\" data-id=\"https:\/\/www.facebook.com\/people\/Instituto-Dermatol%C3%B3gico-Dominicano-y-Cirug%C3%ADa-de-Piel-Dr-Huberto-Bogaert\/100063597671885\/\" target=\"_blank\" rel=\"noopener\">IDCP<\/a><\/em>, she complemented her training with a specialization in Pediatrics, which marked the distinctive focus of her career.\n\nAuthor of the works Pediatric Dermatology, Diagnosis and Treatment and Cryosurgery in Dermatology: combined therapies, her academic legacy also extends to the advising of more than 25 specialty theses and the founding of centers such as <a href=\"https:\/\/www.centrodermatologico.net\/silvia-marte\/\" data-type=\"link\" data-id=\"https:\/\/www.centrodermatologico.net\/silvia-marte\/\" target=\"_blank\" rel=\"noopener\">Grupo M\u00e9dico Marte<\/a>, the Dermatology Clinic of Villa Mella and Clidermes in Los Alcarrizos.\n\n\n<p class=\"wp-block-paragraph\"><strong>You can also read: <\/strong><a href=\"https:\/\/ab.deultimominuto.net\/nacionales\/fallece-evelyn-martinez-hermana-de-los-periodistas-vianco-y-pedro-angel-martinez\/\" target=\"_blank\" rel=\"noopener\">Evelyn Mart\u00ednez, sister of journalists Vianco and Pedro \u00c1ngel Mart\u00ednez, passes away | De \u00daltimo Minuto<\/a><\/p>\n\n\nIn 2024, she was recognized with the &#8220;<strong>Master of Dermatology<\/strong>&#8221; award by the Ibero-Latin American College of Dermatology (CILAD), in honor of her career and contribution to medical education.\n\n\n<h5 class=\"wp-block-heading\">Doctora Marte was an active member of the Dominican Medical College, the Dominican Society of Dermatology, and the Dominican Society of Pediatrics.<\/h5>\n\n\nThe family thanked for the multiple expressions of affection received after his passing: \u201cHis legacy will live on in every life he touched and in Dominican medicine, where he left an indelible mark.\u201d\n\nThe novena in his memory will be held from Wednesday, July 23rd to Thursday, July 31st, at 6:00 p.m., at the San Jer\u00f3nimo Parish.","protected":false},"excerpt":{"rendered":"<p>Santo Domingo.- Doctor Silvia Marte passed away at the age of 72, recognized for being one of the most influential figures in pediatric dermatology in the country. Dr. Marte founded the Pediatric Dermatology and Cryosurgery Department in 1989 at the Dominican Dermatological Institute and Skin Surgery &#8220;Dr. Huberto Bogaert D\u00edaz&#8221; (IDCP), where she served as [&hellip;]<\/p>\n","protected":false},"author":133543,"featured_media":475943,"comment_status":"open","ping_status":"open","sticky":false,"template":"","format":"standard","meta":{"_acf_changed":false,"_jetpack_newsletter_access":"","_jetpack_dont_email_post_to_subs":false,"_jetpack_newsletter_tier_id":0,"_jetpack_memberships_contains_paywalled_content":false,"_jetpack_memberships_contains_paid_content":false,"footnotes":"","_members_access_role":[],"_members_access_error":""},"categories":[40216],"tags":[41679],"class_list":["post-475942","post","type-post","status-publish","format-standard","has-post-thumbnail","category-dominican-news","tag-silvia-marte"],"acf":[],"jetpack_sharing_enabled":true,"jetpack_shortlink":"https:\/\/wp.me\/phj1q1-1ZOu","jetpack_featured_media_url":"https:\/\/deultimominuto.com\/en\/wp-content\/uploads\/sites\/2\/2025\/07\/CD-Dras-pag-web-01-1200x1200-1.jpg","dum_api":{"author_name":"Carolina \u00c1lvarez","author_image":"https:\/\/deultimominuto.com\/wp-content\/uploads\/2026\/05\/cropped-WhatsApp-Image-2026-05-26-at-5.31.57-PM-96x96.jpeg","categories_name":["Dominican News"],"featured_media_url":"https:\/\/cdn.deultimominuto.com\/en\/wp-content\/uploads\/sites\/2\/2025\/07\/CD-Dras-pag-web-01-1200x1200-1.jpg"},"_links":{"self":[{"href":"https:\/\/deultimominuto.com\/en\/wp-json\/wp\/v2\/posts\/475942","targetHints":{"allow":["GET"]}}],"collection":[{"href":"https:\/\/deultimominuto.com\/en\/wp-json\/wp\/v2\/posts"}],"about":[{"href":"https:\/\/deultimominuto.com\/en\/wp-json\/wp\/v2\/types\/post"}],"author":[{"embeddable":true,"href":"https:\/\/deultimominuto.com\/en\/wp-json\/wp\/v2\/users\/133543"}],"replies":[{"embeddable":true,"href":"https:\/\/deultimominuto.com\/en\/wp-json\/wp\/v2\/comments?post=475942"}],"version-history":[{"count":0,"href":"https:\/\/deultimominuto.com\/en\/wp-json\/wp\/v2\/posts\/475942\/revisions"}],"wp:featuredmedia":[{"embeddable":true,"href":"https:\/\/deultimominuto.com\/en\/wp-json\/wp\/v2\/media\/475943"}],"wp:attachment":[{"href":"https:\/\/deultimominuto.com\/en\/wp-json\/wp\/v2\/media?parent=475942"}],"wp:term":[{"taxonomy":"category","embeddable":true,"href":"https:\/\/deultimominuto.com\/en\/wp-json\/wp\/v2\/categories?post=475942"},{"taxonomy":"post_tag","embeddable":true,"href":"https:\/\/deultimominuto.com\/en\/wp-json\/wp\/v2\/tags?post=475942"}],"curies":[{"name":"wp","href":"https:\/\/api.w.org\/{rel}","templated":true}]}}