{"id":476056,"date":"2025-07-23T17:53:21","date_gmt":"2025-07-23T21:53:21","guid":{"rendered":"https:\/\/deultimominuto.net\/en\/uncategorized\/arajet-receives-its-11th-aircraft-loma-quita-espuela\/"},"modified":"2025-07-23T17:53:21","modified_gmt":"2025-07-23T21:53:21","slug":"arajet-receives-its-11th-aircraft-loma-quita-espuela","status":"publish","type":"post","link":"https:\/\/deultimominuto.com\/en\/dominican-news\/arajet-receives-its-11th-aircraft-loma-quita-espuela\/","title":{"rendered":"Arajet receives its 11th aircraft &#8220;Loma Quita Espuela&#8221;"},"content":{"rendered":"<em>The name is an initiative to promote the protected areas of the DR worldwide.<\/em>\n\n<strong>Santo Domingo<\/strong>. &#8211; The Dominican airline <a href=\"https:\/\/promos.arajet.com\/es\/?utm_medium=cpc&amp;utm_source=bing&amp;utm_campaign=DO_NULL_SALES_SEARCH_BRAND_SM_ES&amp;adgroup=&amp;utm_term=GL_GL&amp;msclkid=55a1961eaebe145bdc75fe9ff6d05bbb\" data-type=\"link\" data-id=\"https:\/\/promos.arajet.com\/es\/?utm_medium=cpc&amp;utm_source=bing&amp;utm_campaign=DO_NULL_SALES_SEARCH_BRAND_SM_ES&amp;adgroup=&amp;utm_term=GL_GL&amp;msclkid=55a1961eaebe145bdc75fe9ff6d05bbb\" target=\"_blank\" rel=\"noopener\">Arajet<\/a> received its 11th aircraft, named \u201cLoma Quita Espuela\u201d, in recognition of the company&#8217;s commitment to environmental conservation and the promotion of the country&#8217;s protected areas.\n\nThe new Boeing 737 MAX 8 aircraft joins Arajet&#8217;s modern and efficient fleet, consolidating its expansion plan and its vision of connecting the Dominican Republic with more international destinations, while promoting Dominican natural heritage as part of its corporate social responsibility policy.\n\nDuring the welcoming ceremony, held at Las Am\u00e9ricas International Airport (AILA), it was headed by Igor Rodr\u00edguez, general director of the Dominican Institute of Civil Aviation (<a href=\"https:\/\/www.idac.gob.do\/es\/\" data-type=\"link\" data-id=\"https:\/\/www.idac.gob.do\/es\/\" target=\"_blank\" rel=\"noopener\">IDAC<\/a>), who highlighted the importance of initiatives like this for the sustainable development of aviation.\n\n\n<p class=\"has-text-align-center wp-block-paragraph\"><strong>You can also read: <a href=\"https:\/\/ab.deultimominuto.net\/nacionales\/arajet-celebra-el-dia-del-padre\/\" target=\"_blank\" rel=\"noopener\">Arajet celebrates Father&#8217;s Day with discounts on fares<\/a><\/strong><\/p>\n\n\n\n<figure class=\"wp-block-pullquote\"><blockquote><p>\u201cDesde el IDAC aplaudimos este tipo de acciones que integran la conciencia ambiental en el coraz\u00f3n del modelo de negocio. Arajet est\u00e1 marcando una pauta en la regi\u00f3n al combinar conectividad a\u00e9rea con responsabilidad ecol\u00f3gica\u201d, <\/p><cite>afirm\u00f3 Rodr\u00edguez.<\/cite><\/blockquote><\/figure>\n\n\nV\u00edctor Pacheco M\u00e9ndez, CEO and founder of Arajet, informed through his social media account that from July 24th this new aircraft will be flying and connecting the Dominican Republic with the more than 26 destinations where they fly in the American Continent.\n\n\n<figure class=\"wp-block-pullquote\"><blockquote><p>\u201cHoy celebramos la llegada de nuestro avi\u00f3n #11: Loma Quita Espuela. Y desde ma\u00f1ana estar\u00e1 volando para conectar RD con Las Am\u00e9ricas\u201d. La Loma Quita Espuela es una reserva cient\u00edfica ubicada en la Cordillera Septentrional de la Rep\u00fablica Dominicana de gran belleza paisaj\u00edstica, un bosque primario bien conservado, y de gran importancia para toda la producci\u00f3n de Cacao de RD\u201d, <\/p><cite>public\u00f3 en la red X.<\/cite><\/blockquote><\/figure>\n\n\n&#8220;Loma Quita Espuela&#8221; joins Arajet&#8217;s fleet of aircraft that bear the names of Dominican protected areas as part of its social responsibility initiatives to raise awareness among both national and international passengers about the country&#8217;s ecological richness.\n\nWith this new addition, Arajet continues to position itself as the flagship airline of the Dominican Republic, committed to operational efficiency, sustainable tourism, and national pride.\n\n\n<h4 class=\"wp-block-heading\"><strong>About Arajet<\/strong><\/h4>\n\n\nArajet is the flagship airline of the Dominican Republic. Recognized at the World Aviation Summit as the Best New Airline in the World in 2023. Starting operations in 2022, it operates two bases: Las Am\u00e9ricas Airport in Santo Domingo and Punta Cana International Airport, with a new fleet of Boeing 737 MAX. The airline offers safe and economical travel to and between the Dominican Republic and various destinations in North, Central and South America, and the Caribbean.","protected":false},"excerpt":{"rendered":"<p>The name is an initiative to promote the protected areas of the DR worldwide. Santo Domingo. &#8211; The Dominican airline Arajet received its 11th aircraft, named \u201cLoma Quita Espuela\u201d, in recognition of the company&#8217;s commitment to environmental conservation and the promotion of the country&#8217;s protected areas. The new Boeing 737 MAX 8 aircraft joins Arajet&#8217;s [&hellip;]<\/p>\n","protected":false},"author":133543,"featured_media":476057,"comment_status":"open","ping_status":"open","sticky":false,"template":"","format":"standard","meta":{"_acf_changed":false,"_jetpack_newsletter_access":"","_jetpack_dont_email_post_to_subs":false,"_jetpack_newsletter_tier_id":0,"_jetpack_memberships_contains_paywalled_content":false,"_jetpack_memberships_contains_paid_content":false,"footnotes":"","_members_access_role":[],"_members_access_error":""},"categories":[40216],"tags":[18305],"class_list":["post-476056","post","type-post","status-publish","format-standard","has-post-thumbnail","category-dominican-news","tag-arajet"],"acf":[],"jetpack_sharing_enabled":true,"jetpack_shortlink":"https:\/\/wp.me\/phj1q1-1ZQk","jetpack_featured_media_url":"https:\/\/deultimominuto.com\/en\/wp-content\/uploads\/sites\/2\/2025\/07\/Arajet-recibe-su-aeronave-numero-11-Loma-Quita-Espuela.jpg","dum_api":{"author_name":"Carolina \u00c1lvarez","author_image":"https:\/\/deultimominuto.com\/wp-content\/uploads\/2026\/05\/cropped-WhatsApp-Image-2026-05-26-at-5.31.57-PM-96x96.jpeg","categories_name":["Dominican News"],"featured_media_url":"https:\/\/cdn.deultimominuto.com\/en\/wp-content\/uploads\/sites\/2\/2025\/07\/Arajet-recibe-su-aeronave-numero-11-Loma-Quita-Espuela.jpg"},"_links":{"self":[{"href":"https:\/\/deultimominuto.com\/en\/wp-json\/wp\/v2\/posts\/476056","targetHints":{"allow":["GET"]}}],"collection":[{"href":"https:\/\/deultimominuto.com\/en\/wp-json\/wp\/v2\/posts"}],"about":[{"href":"https:\/\/deultimominuto.com\/en\/wp-json\/wp\/v2\/types\/post"}],"author":[{"embeddable":true,"href":"https:\/\/deultimominuto.com\/en\/wp-json\/wp\/v2\/users\/133543"}],"replies":[{"embeddable":true,"href":"https:\/\/deultimominuto.com\/en\/wp-json\/wp\/v2\/comments?post=476056"}],"version-history":[{"count":0,"href":"https:\/\/deultimominuto.com\/en\/wp-json\/wp\/v2\/posts\/476056\/revisions"}],"wp:featuredmedia":[{"embeddable":true,"href":"https:\/\/deultimominuto.com\/en\/wp-json\/wp\/v2\/media\/476057"}],"wp:attachment":[{"href":"https:\/\/deultimominuto.com\/en\/wp-json\/wp\/v2\/media?parent=476056"}],"wp:term":[{"taxonomy":"category","embeddable":true,"href":"https:\/\/deultimominuto.com\/en\/wp-json\/wp\/v2\/categories?post=476056"},{"taxonomy":"post_tag","embeddable":true,"href":"https:\/\/deultimominuto.com\/en\/wp-json\/wp\/v2\/tags?post=476056"}],"curies":[{"name":"wp","href":"https:\/\/api.w.org\/{rel}","templated":true}]}}