{"id":476188,"date":"2025-07-24T14:29:46","date_gmt":"2025-07-24T18:29:46","guid":{"rendered":"https:\/\/deultimominuto.net\/en\/uncategorized\/andres-cepeda-will-be-the-first-guest-of-the-new-season-of-chevere-nights-live\/"},"modified":"2025-07-24T14:29:46","modified_gmt":"2025-07-24T18:29:46","slug":"andres-cepeda-will-be-the-first-guest-of-the-new-season-of-chevere-nights-live","status":"publish","type":"post","link":"https:\/\/deultimominuto.com\/en\/entertainment\/andres-cepeda-will-be-the-first-guest-of-the-new-season-of-chevere-nights-live\/","title":{"rendered":"Andr\u00e9s Cepeda will be the first guest of the new season of \u201cCh\u00e9vere Nights Live\u201d"},"content":{"rendered":"\n<p class=\"wp-block-paragraph\"><strong>Santo Domingo.<\/strong> \u2013 The outstanding Colombian singer-songwriter <strong>Andr\u00e9s Cepeda, <\/strong>will be the first special guest in the new season of the program \u201c<strong>Ch\u00e9vere Nights Live\u201d<\/strong>, hosted by the renowned communicator Milagros Germ\u00e1n.<\/p>\n\n\nDuring the recording of the first program, which took place at Stage 360, Cepeda had a pleasant and fun conversation with <strong>\u201cLa Diva\u201d<\/strong>, in which he shared details about his most recent record production entitled <strong>\u201cBogot\u00e1\u201d.<\/strong>\n\n\n<p class=\"wp-block-paragraph\"><strong>You may be interested in: <\/strong><a href=\"https:\/\/ab.deultimominuto.net\/historia\/biografias\/milagros-german\/\" data-type=\"post\" data-id=\"477503\" target=\"_blank\" rel=\"noopener\">Milagros Germ\u00e1n: Trajectory, life and legacy of &#8220;The Diva&#8221; of Dominican television<\/a><\/p>\n\n\nIn addition, he let himself be infected by the intense sense of humor of P\u00edo RD, and the warmth of the Dominican public, even joking with popular expressions of the Caribbean country.\n\nOne of the most emotional moments of the night was the surprise prepared by the production for Cepeda, who was honored with a special message from the master of Dominican music, Juan Luis Guerra.\n\n\n<p class=\"wp-block-paragraph\">Upon appearing on screen, Juan Luis dedicated warm words of admiration to the Colombian artist, a gesture that provoked an euphoric reaction in both Andr\u00e9s and the attending audience:<\/p>\n\n\n\n<p class=\"wp-block-paragraph\"><strong>\u201cNo, it can&#8217;t be!\u201d<\/strong>, Cepeda exclaimed with astonishment, visibly moved to receive this recognition from one of his greatest musical references. Juan Luis sent him a warm embrace, blessings, and best wishes for his career, thus sealing an unforgettable moment within the program.<\/p>\n\n\nThe expected premiere of the show scheduled for this Sunday, July 27th at 8:00 pm through Telesistema, Channel 11, marks the return of Milagros Germ\u00e1n and her iconic television show with a renewed proposal and big surprises.\n\nRegarding Andr\u00e9s Cepeda, he will also perform in concert on August 15th at the National Theater of Santo Domingo, as part of his international tour, which further strengthens the special bond he maintains with the Dominican public.\n\nWith this first installment, &#8220;Ch\u00e9vere Nights Live&#8221; promises a season full of emotions, music, and high-quality content, reaffirming its place as one of the most beloved spaces on Dominican television.\n\nAt the same time, the presenter reaffirms her commitment to young talent, as she is accompanied by 5 young talents of humor and social media, composed of Rosmery Herrand, Ramcelis De Jes\u00fas, P\u00edo RD, El\u00edas Serulle and Katherine N\u00fa\u00f1ez, who will accompany Milagros in this new television adventure.","protected":false},"excerpt":{"rendered":"<p>Santo Domingo. \u2013 The outstanding Colombian singer-songwriter Andr\u00e9s Cepeda, will be the first special guest in the new season of the program \u201cCh\u00e9vere Nights Live\u201d, hosted by the renowned communicator Milagros Germ\u00e1n. During the recording of the first program, which took place at Stage 360, Cepeda had a pleasant and fun conversation with \u201cLa Diva\u201d, [&hellip;]<\/p>\n","protected":false},"author":4,"featured_media":476189,"comment_status":"open","ping_status":"open","sticky":false,"template":"","format":"standard","meta":{"_acf_changed":false,"_jetpack_newsletter_access":"","_jetpack_dont_email_post_to_subs":false,"_jetpack_newsletter_tier_id":0,"_jetpack_memberships_contains_paywalled_content":false,"_jetpack_memberships_contains_paid_content":false,"footnotes":"","_members_access_role":[],"_members_access_error":""},"categories":[5],"tags":[41709],"class_list":["post-476188","post","type-post","status-publish","format-standard","has-post-thumbnail","category-entertainment","tag-andres-cepeda"],"acf":[],"jetpack_sharing_enabled":true,"jetpack_shortlink":"https:\/\/wp.me\/phj1q1-1ZSs","jetpack_featured_media_url":"https:\/\/deultimominuto.com\/en\/wp-content\/uploads\/sites\/2\/2025\/07\/WhatsApp-Image-2025-07-24-at-1.24.25-PM.jpeg","dum_api":{"author_name":"Redacci\u00f3n De \u00daltimo Minuto","author_image":"https:\/\/deultimominuto.com\/wp-content\/uploads\/2025\/02\/cropped-logo-de-ultimo-minuto-96x96.png","categories_name":["Entertainment"],"featured_media_url":"https:\/\/cdn.deultimominuto.com\/en\/wp-content\/uploads\/sites\/2\/2025\/07\/WhatsApp-Image-2025-07-24-at-1.24.25-PM.jpeg"},"_links":{"self":[{"href":"https:\/\/deultimominuto.com\/en\/wp-json\/wp\/v2\/posts\/476188","targetHints":{"allow":["GET"]}}],"collection":[{"href":"https:\/\/deultimominuto.com\/en\/wp-json\/wp\/v2\/posts"}],"about":[{"href":"https:\/\/deultimominuto.com\/en\/wp-json\/wp\/v2\/types\/post"}],"author":[{"embeddable":true,"href":"https:\/\/deultimominuto.com\/en\/wp-json\/wp\/v2\/users\/4"}],"replies":[{"embeddable":true,"href":"https:\/\/deultimominuto.com\/en\/wp-json\/wp\/v2\/comments?post=476188"}],"version-history":[{"count":0,"href":"https:\/\/deultimominuto.com\/en\/wp-json\/wp\/v2\/posts\/476188\/revisions"}],"wp:featuredmedia":[{"embeddable":true,"href":"https:\/\/deultimominuto.com\/en\/wp-json\/wp\/v2\/media\/476189"}],"wp:attachment":[{"href":"https:\/\/deultimominuto.com\/en\/wp-json\/wp\/v2\/media?parent=476188"}],"wp:term":[{"taxonomy":"category","embeddable":true,"href":"https:\/\/deultimominuto.com\/en\/wp-json\/wp\/v2\/categories?post=476188"},{"taxonomy":"post_tag","embeddable":true,"href":"https:\/\/deultimominuto.com\/en\/wp-json\/wp\/v2\/tags?post=476188"}],"curies":[{"name":"wp","href":"https:\/\/api.w.org\/{rel}","templated":true}]}}