{"id":476624,"date":"2025-07-28T17:33:52","date_gmt":"2025-07-28T21:33:52","guid":{"rendered":"https:\/\/deultimominuto.net\/en\/uncategorized\/celso-marranzini-assures-that-by-the-summer-of-2026-there-will-be-no-suspension-of-electrical-energy-in-the-country\/"},"modified":"2025-07-28T17:41:22","modified_gmt":"2025-07-28T21:41:22","slug":"marranzini-assures-that-by-the-summer-of-2026-there-will-be-no-blackouts-in-the-dr","status":"publish","type":"post","link":"https:\/\/deultimominuto.com\/en\/dominican-news\/marranzini-assures-that-by-the-summer-of-2026-there-will-be-no-blackouts-in-the-dr\/","title":{"rendered":"Marranzini assures that by the summer of 2026 there will be no blackouts in the DR"},"content":{"rendered":"\n<p class=\"wp-block-paragraph\"><strong>Santo Domingo<\/strong><em>.<\/em>\u2013 The president of the Unified Council of Electricity Distribution Companies (CUED), <a href=\"https:\/\/en.wikipedia.org\/wiki\/Celso_Marranzini\" data-type=\"link\" data-id=\"https:\/\/en.wikipedia.org\/wiki\/Celso_Marranzini\" target=\"_blank\" rel=\"noopener\">Celso Marranzini<\/a>, stated that by the summer of 2026 there will be no suspension of the electricity service in the country, thanks to the advances in the reduction of losses, network renewal and improvements in the national energy infrastructure.<\/p>\n\n\nIn LA Semanal with the press, Marranzini explained that the sector&#8217;s current deficit amounts to 1.7 billion dollars, of which about 850 million correspond to subsidies, however, he assured that strong measures are being taken to reverse this situation.\n\n\n<figure class=\"wp-block-pullquote\"><blockquote><p>\u201cEstamos trabajando en las subestaciones, en las redes deterioradas, y en disminuir las p\u00e9rdidas en el sector el\u00e9ctrico, pero esas p\u00e9rdidas superan los 10 puntos porcentuales y representan una de las principales causas del d\u00e9ficit financiero del sistema&#8221;, <\/p><cite>se\u00f1al\u00f3.<\/cite><\/blockquote><\/figure>\n\n\n\n<h5 class=\"wp-block-heading has-text-align-center\">You can also read: <a href=\"https:\/\/ab.deultimominuto.net\/nacionales\/abinader-afirma-que-dos-millones\/\" target=\"_blank\" rel=\"noopener\"><a href=\"https:\/\/ab.deultimominuto.net\/nacionales\/marranzini-y-sector-electrico\/\" target=\"_blank\" rel=\"noopener\">Marranzini, the one who has done the most damage to the electrical system<\/a><\/a><\/h5>\n\n\nThe official also called on citizens, denouncing that a significant part of the problem comes from users who do not pay for the electricity service.\n\n\n<figure class=\"wp-block-pullquote\"><blockquote><p>\u201cEstamos realizando campa\u00f1as de concientizaci\u00f3n porque si no pagas el servicio el\u00e9ctrico, le est\u00e1s haciendo un da\u00f1o al presupuesto y a la econom\u00eda dominicana. Esos recursos deber\u00edan usarse para otras prioridades nacionales\u201d, <\/p><cite>expres\u00f3 Marranzini.<\/cite><\/blockquote><\/figure>\n\n\nLikewise, President Luis Abinader highlighted that the country is experiencing the highest level of investment in the electricity sector in recent years, which will allow strengthening the generation, distribution, and sustainability of the service.","protected":false},"excerpt":{"rendered":"<p>Santo Domingo.\u2013 The president of the Unified Council of Electricity Distribution Companies (CUED), Celso Marranzini, stated that by the summer of 2026 there will be no suspension of the electricity service in the country, thanks to the advances in the reduction of losses, network renewal and improvements in the national energy infrastructure. In LA Semanal [&hellip;]<\/p>\n","protected":false},"author":133543,"featured_media":476626,"comment_status":"open","ping_status":"open","sticky":false,"template":"","format":"standard","meta":{"_acf_changed":false,"_jetpack_newsletter_access":"","_jetpack_dont_email_post_to_subs":false,"_jetpack_newsletter_tier_id":0,"_jetpack_memberships_contains_paywalled_content":false,"_jetpack_memberships_contains_paid_content":false,"footnotes":"","_members_access_role":[],"_members_access_error":""},"categories":[40216],"tags":[],"class_list":["post-476624","post","type-post","status-publish","format-standard","has-post-thumbnail","category-dominican-news"],"acf":[],"jetpack_sharing_enabled":true,"jetpack_shortlink":"https:\/\/wp.me\/phj1q1-1ZZu","jetpack_featured_media_url":"https:\/\/deultimominuto.com\/en\/wp-content\/uploads\/sites\/2\/2025\/07\/WhatsApp-Image-2025-07-28-at-2.31.45-PM.jpeg","dum_api":{"author_name":"Carolina \u00c1lvarez","author_image":"https:\/\/deultimominuto.com\/wp-content\/uploads\/2026\/05\/cropped-WhatsApp-Image-2026-05-26-at-5.31.57-PM-96x96.jpeg","categories_name":["Dominican News"],"featured_media_url":"https:\/\/cdn.deultimominuto.com\/en\/wp-content\/uploads\/sites\/2\/2025\/07\/WhatsApp-Image-2025-07-28-at-2.31.45-PM.jpeg"},"_links":{"self":[{"href":"https:\/\/deultimominuto.com\/en\/wp-json\/wp\/v2\/posts\/476624","targetHints":{"allow":["GET"]}}],"collection":[{"href":"https:\/\/deultimominuto.com\/en\/wp-json\/wp\/v2\/posts"}],"about":[{"href":"https:\/\/deultimominuto.com\/en\/wp-json\/wp\/v2\/types\/post"}],"author":[{"embeddable":true,"href":"https:\/\/deultimominuto.com\/en\/wp-json\/wp\/v2\/users\/133543"}],"replies":[{"embeddable":true,"href":"https:\/\/deultimominuto.com\/en\/wp-json\/wp\/v2\/comments?post=476624"}],"version-history":[{"count":0,"href":"https:\/\/deultimominuto.com\/en\/wp-json\/wp\/v2\/posts\/476624\/revisions"}],"wp:featuredmedia":[{"embeddable":true,"href":"https:\/\/deultimominuto.com\/en\/wp-json\/wp\/v2\/media\/476626"}],"wp:attachment":[{"href":"https:\/\/deultimominuto.com\/en\/wp-json\/wp\/v2\/media?parent=476624"}],"wp:term":[{"taxonomy":"category","embeddable":true,"href":"https:\/\/deultimominuto.com\/en\/wp-json\/wp\/v2\/categories?post=476624"},{"taxonomy":"post_tag","embeddable":true,"href":"https:\/\/deultimominuto.com\/en\/wp-json\/wp\/v2\/tags?post=476624"}],"curies":[{"name":"wp","href":"https:\/\/api.w.org\/{rel}","templated":true}]}}