{"id":476655,"date":"2025-07-28T22:09:04","date_gmt":"2025-07-29T02:09:04","guid":{"rendered":"https:\/\/deultimominuto.net\/en\/uncategorized\/adp-denounces-lack-of-conditions-for-the-start-of-the-school-year-and-a-4-reduction-for-education\/"},"modified":"2025-07-28T22:09:04","modified_gmt":"2025-07-29T02:09:04","slug":"adp-denounces-lack-of-conditions-for-the-start-of-the-school-year-and-a-4-reduction-for-education","status":"publish","type":"post","link":"https:\/\/deultimominuto.com\/en\/dominican-news\/adp-denounces-lack-of-conditions-for-the-start-of-the-school-year-and-a-4-reduction-for-education\/","title":{"rendered":"ADP denounces lack of conditions for the start of the school year and a 4% reduction for education"},"content":{"rendered":"<strong>Santo Domingo<\/strong>.- The Secretary of Public Relations and Communications of the National Executive Committee of the Dominican Association of Teachers (<a href=\"https:\/\/asociaciondominicanaprofesores.org\/\" data-type=\"link\" data-id=\"https:\/\/asociaciondominicanaprofesores.org\/\" target=\"_blank\" rel=\"noopener\">ADP<\/a>), Menegildo De La Rosa, warned that the current conditions of the national education system do not guarantee a school year start without inconveniences, and denounced serious deficiencies in school infrastructure nationwide.\n\nDe La Rosa expressed his concern about the lack of classrooms, the absence of places in educational centers, and the delays in the completion of schools that are 90 and 95 percent renovated. In addition, he criticized that the mobile classrooms promised by the Ministry of Education have not yet been installed in many communities.\n\nYou can also read: <a href=\"https:\/\/ab.deultimominuto.net\/nacionales\/rd-vial-lanza-carreteras-limpias\/\" target=\"_blank\" rel=\"noopener\">RD Vial launches &#8220;Clean Roads&#8221; program to modernize<\/a>\n\n\n<figure class=\"wp-block-pullquote\"><blockquote><p>\u201cAnte esta situaci\u00f3n, decidimos constatar la realidad a trav\u00e9s de un recorrido por todo el pa\u00eds, ya que el a\u00f1o escolar se avecina y desde el Ministerio se asegura que todo se est\u00e1 resolviendo. Hablan de una inversi\u00f3n de m\u00e1s de 12 mil millones de pesos, pero no vemos que se est\u00e9n creando las condiciones para brindar una educaci\u00f3n de calidad\u201d, <\/p><cite>manifest\u00f3.<\/cite><\/blockquote><\/figure>\n\n\nRegarding the budget allocated to education, the ADP representative denounced that the emblematic 4% of the GDP approved for the education sector has been mismanaged and, for this year, even reduced to 3.88%. He pointed out that the Ministry of Education&#8217;s budget presents a deficit of between 22 billion and 25 billion pesos in relation to what would correspond to it according to that percentage.\n\n\n<figure class=\"wp-block-pullquote\"><blockquote><p>\u201cEl 4% se ha convertido en una pi\u00f1ata que ha ido a muchas partes, menos a los centros educativos. Y ahora, con la propuesta de fusi\u00f3n del Ministerio de Educaci\u00f3n y el Ministerio de Educaci\u00f3n Superior (MESCYT), existe el riesgo de que los recursos destinados a la educaci\u00f3n preuniversitaria terminen financiando universidades privadas\u201d, <\/p><cite>advirti\u00f3.<\/cite><\/blockquote><\/figure>\n\n\nHe affirmed that this situation represents a betrayal of the citizen effort that fought to achieve that budget through the national mobilization of the Coalition for a Dignified Education and the yellow umbrellas.\n\n\n<p class=\"wp-block-paragraph\"><\/p>\n","protected":false},"excerpt":{"rendered":"<p>Santo Domingo.- The Secretary of Public Relations and Communications of the National Executive Committee of the Dominican Association of Teachers (ADP), Menegildo De La Rosa, warned that the current conditions of the national education system do not guarantee a school year start without inconveniences, and denounced serious deficiencies in school infrastructure nationwide. De La Rosa [&hellip;]<\/p>\n","protected":false},"author":4,"featured_media":476656,"comment_status":"open","ping_status":"open","sticky":false,"template":"","format":"standard","meta":{"_acf_changed":false,"_jetpack_newsletter_access":"","_jetpack_dont_email_post_to_subs":false,"_jetpack_newsletter_tier_id":0,"_jetpack_memberships_contains_paywalled_content":false,"_jetpack_memberships_contains_paid_content":false,"footnotes":"","_members_access_role":[],"_members_access_error":""},"categories":[40216],"tags":[],"class_list":["post-476655","post","type-post","status-publish","format-standard","has-post-thumbnail","category-dominican-news"],"acf":[],"jetpack_sharing_enabled":true,"jetpack_shortlink":"https:\/\/wp.me\/phj1q1-1ZZZ","jetpack_featured_media_url":"https:\/\/deultimominuto.com\/en\/wp-content\/uploads\/sites\/2\/2025\/07\/DENUNCIA-ADP-1.jpg","dum_api":{"author_name":"Redacci\u00f3n De \u00daltimo Minuto","author_image":"https:\/\/deultimominuto.com\/wp-content\/uploads\/2025\/02\/cropped-logo-de-ultimo-minuto-96x96.png","categories_name":["Dominican News"],"featured_media_url":"https:\/\/cdn.deultimominuto.com\/en\/wp-content\/uploads\/sites\/2\/2025\/07\/DENUNCIA-ADP-1.jpg"},"_links":{"self":[{"href":"https:\/\/deultimominuto.com\/en\/wp-json\/wp\/v2\/posts\/476655","targetHints":{"allow":["GET"]}}],"collection":[{"href":"https:\/\/deultimominuto.com\/en\/wp-json\/wp\/v2\/posts"}],"about":[{"href":"https:\/\/deultimominuto.com\/en\/wp-json\/wp\/v2\/types\/post"}],"author":[{"embeddable":true,"href":"https:\/\/deultimominuto.com\/en\/wp-json\/wp\/v2\/users\/4"}],"replies":[{"embeddable":true,"href":"https:\/\/deultimominuto.com\/en\/wp-json\/wp\/v2\/comments?post=476655"}],"version-history":[{"count":0,"href":"https:\/\/deultimominuto.com\/en\/wp-json\/wp\/v2\/posts\/476655\/revisions"}],"wp:featuredmedia":[{"embeddable":true,"href":"https:\/\/deultimominuto.com\/en\/wp-json\/wp\/v2\/media\/476656"}],"wp:attachment":[{"href":"https:\/\/deultimominuto.com\/en\/wp-json\/wp\/v2\/media?parent=476655"}],"wp:term":[{"taxonomy":"category","embeddable":true,"href":"https:\/\/deultimominuto.com\/en\/wp-json\/wp\/v2\/categories?post=476655"},{"taxonomy":"post_tag","embeddable":true,"href":"https:\/\/deultimominuto.com\/en\/wp-json\/wp\/v2\/tags?post=476655"}],"curies":[{"name":"wp","href":"https:\/\/api.w.org\/{rel}","templated":true}]}}