{"id":476734,"date":"2025-07-29T17:28:43","date_gmt":"2025-07-29T21:28:43","guid":{"rendered":"https:\/\/deultimominuto.net\/en\/uncategorized\/moral-education-civics-and-citizen-ethics-will-be-part-of-the-2025-2026-school-curriculum\/"},"modified":"2025-07-29T17:28:43","modified_gmt":"2025-07-29T21:28:43","slug":"moral-education-civics-and-citizen-ethics-will-be-part-of-the-2025-2026-school-curriculum","status":"publish","type":"post","link":"https:\/\/deultimominuto.com\/en\/dominican-news\/moral-education-civics-and-citizen-ethics-will-be-part-of-the-2025-2026-school-curriculum\/","title":{"rendered":"Moral Education, Civics and Citizen Ethics will be part of the 2025-2026 school curriculum"},"content":{"rendered":"\n<p class=\"wp-block-paragraph\"><strong>Santo Domingo.-<\/strong> Starting from the 2025-2026 school year, <strong>Moral Education, Civics and Citizen Ethics will be a formal subject<\/strong> at all levels of the pre-university education system, as established by <strong><a href=\"https:\/\/www.educando.edu.do\/portal\/wp-content\/uploads\/2024\/07\/ORDENANZA-02-2024-sistema-de-evaluacion-primaria-adultos.pdf\" data-type=\"link\" data-id=\"https:\/\/www.educando.edu.do\/portal\/wp-content\/uploads\/2024\/07\/ORDENANZA-02-2024-sistema-de-evaluacion-primaria-adultos.pdf\" target=\"_blank\" rel=\"noopener\">Ordinance 02-2025<\/a><\/strong> approved this Tuesday by the <strong><a href=\"https:\/\/map.gob.do\/COEDOM\/Home\/Details\/23?Ruta=2\" data-type=\"link\" data-id=\"https:\/\/map.gob.do\/COEDOM\/Home\/Details\/23?Ruta=2\" target=\"_blank\" rel=\"noopener\">National Education Council (CNE)<\/a>.<\/strong><\/p>\n\n\n<div class=\"wp-block-image\">\n<figure class=\"alignleft size-large is-resized\"><img decoding=\"async\" src=\"https:\/\/ab.deultimominuto.net\/wp-content\/uploads\/2025\/07\/WhatsApp-Image-2025-07-29-at-4.52.15-PM-1024x682.jpeg\" alt=\"Educaci\u00f3n Moral, C\u00edvica y \u00c9tica Ciudadana ser\u00e1 parte del curr\u00edculo escolar 2025-2026\" class=\"wp-image-508507\" style=\"width:319px;height:auto\" title=\"\"><\/figure>\n<\/div>\n\nThe decision was made during the first extraordinary session of the CNE, chaired by the Minister of Education, Luis Miguel De Camps. The new training will be integrated into the curriculum explicitly and progressively, without increasing the existing workload or generating academic overload for students.\n\nThe main objective is to offer comprehensive training that strengthens responsible citizenship, respect for rights, critical thinking, and social participation from the classrooms.\n\nMinister De Camps valued the contributions of the Vice Ministry of Technical and Pedagogical Affairs, especially from the Curriculum Department, and highlighted that the ordinance was built in a participatory manner with actors from the education sector and civil society.\n\nThe new subject reorganizes citizenship content that was previously distributed within Social Sciences, and places it in a structured sequence throughout the school calendar. This initiative seeks to promote ethical values, democratic coexistence, national identity, and social awareness in students.\n\n\n<p class=\"wp-block-paragraph\">As part of the implementation process, the <strong><a href=\"https:\/\/www.ministeriodeeducacion.gob.do\/\" data-type=\"link\" data-id=\"https:\/\/www.ministeriodeeducacion.gob.do\/\" target=\"_blank\" rel=\"noopener\">Ministry of Education (MINERD)<\/a><\/strong> will launch the pedagogical series <strong>\u201cMoral, Civics and Citizen Ethics\u201d<\/strong>, with guides and activities designed for use by teachers and students throughout the school year.<\/p>\n\n\nIn addition, the MINERD will promote the participation of fathers, mothers, guardians and social organizations, and will use the EDU+ platform for the dissemination of training content aimed at the entire educational community.\n\n\n<p class=\"wp-block-paragraph\"><strong>You can read: <a href=\"https:\/\/ab.deultimominuto.net\/nacionales\/condenan-a-20-anos-mujer\/\" target=\"_blank\" rel=\"noopener\">Woman sentenced to 20 years in prison for the death of a senior citizen in Cristo Rey<\/a><\/strong><\/p>\n\n\nAmong the expected results are: the strengthening of civic awareness, the increase of youth participation in social issues, the improvement of school coexistence, and a greater appreciation of national identity and constitutional duties.\n\n\n<figure class=\"wp-block-gallery has-nested-images columns-default is-cropped wp-block-gallery-1 is-layout-flex wp-block-gallery-is-layout-flex\">\n<figure class=\"wp-block-image size-large\"><img decoding=\"async\" data-id=\"508508\" src=\"https:\/\/ab.deultimominuto.net\/wp-content\/uploads\/2025\/07\/WhatsApp-Image-2025-07-29-at-4.52.13-PM-1024x682.jpeg\" alt=\"\" class=\"wp-image-508508\" title=\"\"><\/figure>\n\n\n\n<figure class=\"wp-block-image size-large\"><img decoding=\"async\" data-id=\"508509\" src=\"https:\/\/ab.deultimominuto.net\/wp-content\/uploads\/2025\/07\/WhatsApp-Image-2025-07-29-at-4.52.14-PM-1-1024x682.jpeg\" alt=\"Educaci\u00f3n Moral, C\u00edvica y \u00c9tica Ciudadana ser\u00e1 parte del curr\u00edculo escolar 2025-2026\" class=\"wp-image-508509\" title=\"\"><\/figure>\n\n\n\n<figure class=\"wp-block-image size-large\"><img decoding=\"async\" data-id=\"508510\" src=\"https:\/\/ab.deultimominuto.net\/wp-content\/uploads\/2025\/07\/WhatsApp-Image-2025-07-29-at-4.52.15-PM-1-1024x682.jpeg\" alt=\"\" class=\"wp-image-508510\" title=\"\"><\/figure>\n<\/figure>\n","protected":false},"excerpt":{"rendered":"<p>Santo Domingo.- Starting from the 2025-2026 school year, Moral Education, Civics and Citizen Ethics will be a formal subject at all levels of the pre-university education system, as established by Ordinance 02-2025 approved this Tuesday by the National Education Council (CNE). The decision was made during the first extraordinary session of the CNE, chaired by [&hellip;]<\/p>\n","protected":false},"author":4,"featured_media":476735,"comment_status":"open","ping_status":"open","sticky":false,"template":"","format":"standard","meta":{"_acf_changed":false,"_jetpack_newsletter_access":"","_jetpack_dont_email_post_to_subs":false,"_jetpack_newsletter_tier_id":0,"_jetpack_memberships_contains_paywalled_content":false,"_jetpack_memberships_contains_paid_content":false,"footnotes":"","_members_access_role":[],"_members_access_error":""},"categories":[40216],"tags":[40231,41696,14628],"class_list":["post-476734","post","type-post","status-publish","format-standard","has-post-thumbnail","category-dominican-news","tag-dominican-republic","tag-education","tag-minerd"],"acf":[],"jetpack_sharing_enabled":true,"jetpack_shortlink":"https:\/\/wp.me\/phj1q1-201g","jetpack_featured_media_url":"https:\/\/deultimominuto.com\/en\/wp-content\/uploads\/sites\/2\/2025\/07\/WhatsApp-Image-2025-07-29-at-4.52.15-PM.jpeg","dum_api":{"author_name":"Redacci\u00f3n De \u00daltimo Minuto","author_image":"https:\/\/deultimominuto.com\/wp-content\/uploads\/2025\/02\/cropped-logo-de-ultimo-minuto-96x96.png","categories_name":["Dominican News"],"featured_media_url":"https:\/\/cdn.deultimominuto.com\/en\/wp-content\/uploads\/sites\/2\/2025\/07\/WhatsApp-Image-2025-07-29-at-4.52.15-PM.jpeg"},"_links":{"self":[{"href":"https:\/\/deultimominuto.com\/en\/wp-json\/wp\/v2\/posts\/476734","targetHints":{"allow":["GET"]}}],"collection":[{"href":"https:\/\/deultimominuto.com\/en\/wp-json\/wp\/v2\/posts"}],"about":[{"href":"https:\/\/deultimominuto.com\/en\/wp-json\/wp\/v2\/types\/post"}],"author":[{"embeddable":true,"href":"https:\/\/deultimominuto.com\/en\/wp-json\/wp\/v2\/users\/4"}],"replies":[{"embeddable":true,"href":"https:\/\/deultimominuto.com\/en\/wp-json\/wp\/v2\/comments?post=476734"}],"version-history":[{"count":0,"href":"https:\/\/deultimominuto.com\/en\/wp-json\/wp\/v2\/posts\/476734\/revisions"}],"wp:featuredmedia":[{"embeddable":true,"href":"https:\/\/deultimominuto.com\/en\/wp-json\/wp\/v2\/media\/476735"}],"wp:attachment":[{"href":"https:\/\/deultimominuto.com\/en\/wp-json\/wp\/v2\/media?parent=476734"}],"wp:term":[{"taxonomy":"category","embeddable":true,"href":"https:\/\/deultimominuto.com\/en\/wp-json\/wp\/v2\/categories?post=476734"},{"taxonomy":"post_tag","embeddable":true,"href":"https:\/\/deultimominuto.com\/en\/wp-json\/wp\/v2\/tags?post=476734"}],"curies":[{"name":"wp","href":"https:\/\/api.w.org\/{rel}","templated":true}]}}