{"id":476777,"date":"2025-07-29T22:58:24","date_gmt":"2025-07-30T02:58:24","guid":{"rendered":"https:\/\/deultimominuto.net\/en\/uncategorized\/juan-dionicio-rodriguez-the-ministry-of-justice-will-be-a-great-contribution-from-the-abinader-government\/"},"modified":"2025-07-29T22:58:24","modified_gmt":"2025-07-30T02:58:24","slug":"juan-dionicio-rodriguez-the-ministry-of-justice-will-be-a-great-contribution-from-the-abinader-government","status":"publish","type":"post","link":"https:\/\/deultimominuto.com\/en\/dominican-news\/juan-dionicio-rodriguez-the-ministry-of-justice-will-be-a-great-contribution-from-the-abinader-government\/","title":{"rendered":"Juan Dionicio Rodr\u00edguez: \u201cThe Ministry of Justice will be a great contribution from the Abinader Government\u201d"},"content":{"rendered":"<strong>Santo Domingo. \u2013<\/strong> The Justice Coordinator of the National Office for Support to Penitentiary Reform (ONAPREP), Juan Dionicio Rodr\u00edguez, valued as transcendental the creation of the Ministry of Justice by the Government of President Luis Abinader, pointing out that this institution will be key to transform the penitentiary system and strengthen citizen security in the country.\n\n\n<figure class=\"wp-block-pullquote\"><blockquote><p>\u201cEl Ministerio de Justicia, yo creo que ese es un gran aporte que va a tener el gobierno de Luis Abinader\u201d, <\/p><cite>destac\u00f3.<\/cite><\/blockquote><\/figure>\n\n\nDuring an interview granted to the program <a href=\"https:\/\/sumundotv.com\/\" data-type=\"link\" data-id=\"https:\/\/sumundotv.com\/\" target=\"_blank\" rel=\"noopener\">Matutino Su Mundo<\/a>, Rodriguez stated that this new ministry represents one of the most important reforms in institutional matters in recent years, he also assured that from the enactment of this new institution and with the due appointment of officials, a historic opportunity opens up to supervise, restructure and strengthen the entire criminal justice system, particularly the penitentiary model.\n\n\n<h5 class=\"wp-block-heading\">You can also read: <a href=\"https:\/\/ab.deultimominuto.net\/nacionales\/onaprep-saluda-aprobacion\/\" target=\"_blank\" rel=\"noopener\">ONAPREP welcomes approval from the Ministry of Justice<\/a><\/h5>\n\n\n\n<figure class=\"wp-block-pullquote\"><blockquote><p>\u201cA partir de la designaci\u00f3n de sus incumbentes y la vigilancia que la ciudadan\u00eda puede ejercer sobre estos, se puede transformar todo el tema penitenciario en Rep\u00fablica Dominicana\u201d, <\/p><cite>expres\u00f3.\u00a0\u00a0<\/cite><\/blockquote><\/figure>\n\n\nHe also emphasized that the impact of this ministry will not be limited to the institutional sphere, but will have direct effects on the improvement of public safety.\n\n\n<figure class=\"wp-block-pullquote\"><blockquote><p>\u201cVa a ser un gran aporte no solo a la sociedad, sino a la seguridad ciudadana y a la seguridad p\u00fablica, porque en la Rep\u00fablica Dominicana no existe la cadena perpetua ni la pena de muerte\u201d,<\/p><cite> explic\u00f3 Rodr\u00edguez.<\/cite><\/blockquote><\/figure>\n\n\n\n<p class=\"wp-block-paragraph\"><\/p>\n\n\n\n<p class=\"wp-block-paragraph\"><\/p>\n","protected":false},"excerpt":{"rendered":"<p>Santo Domingo. \u2013 The Justice Coordinator of the National Office for Support to Penitentiary Reform (ONAPREP), Juan Dionicio Rodr\u00edguez, valued as transcendental the creation of the Ministry of Justice by the Government of President Luis Abinader, pointing out that this institution will be key to transform the penitentiary system and strengthen citizen security in the [&hellip;]<\/p>\n","protected":false},"author":4,"featured_media":476778,"comment_status":"open","ping_status":"open","sticky":false,"template":"","format":"standard","meta":{"_acf_changed":false,"_jetpack_newsletter_access":"","_jetpack_dont_email_post_to_subs":false,"_jetpack_newsletter_tier_id":0,"_jetpack_memberships_contains_paywalled_content":false,"_jetpack_memberships_contains_paid_content":false,"footnotes":"","_members_access_role":[],"_members_access_error":""},"categories":[40216],"tags":[41756],"class_list":["post-476777","post","type-post","status-publish","format-standard","has-post-thumbnail","category-dominican-news","tag-ministry-of-justice"],"acf":[],"jetpack_sharing_enabled":true,"jetpack_shortlink":"https:\/\/wp.me\/phj1q1-201X","jetpack_featured_media_url":"https:\/\/deultimominuto.com\/en\/wp-content\/uploads\/sites\/2\/2025\/07\/juan_dionicio_rodriguez_restituyo.webp","dum_api":{"author_name":"Redacci\u00f3n De \u00daltimo Minuto","author_image":"https:\/\/deultimominuto.com\/wp-content\/uploads\/2025\/02\/cropped-logo-de-ultimo-minuto-96x96.png","categories_name":["Dominican News"],"featured_media_url":"https:\/\/cdn.deultimominuto.com\/en\/wp-content\/uploads\/sites\/2\/2025\/07\/juan_dionicio_rodriguez_restituyo.webp"},"_links":{"self":[{"href":"https:\/\/deultimominuto.com\/en\/wp-json\/wp\/v2\/posts\/476777","targetHints":{"allow":["GET"]}}],"collection":[{"href":"https:\/\/deultimominuto.com\/en\/wp-json\/wp\/v2\/posts"}],"about":[{"href":"https:\/\/deultimominuto.com\/en\/wp-json\/wp\/v2\/types\/post"}],"author":[{"embeddable":true,"href":"https:\/\/deultimominuto.com\/en\/wp-json\/wp\/v2\/users\/4"}],"replies":[{"embeddable":true,"href":"https:\/\/deultimominuto.com\/en\/wp-json\/wp\/v2\/comments?post=476777"}],"version-history":[{"count":0,"href":"https:\/\/deultimominuto.com\/en\/wp-json\/wp\/v2\/posts\/476777\/revisions"}],"wp:featuredmedia":[{"embeddable":true,"href":"https:\/\/deultimominuto.com\/en\/wp-json\/wp\/v2\/media\/476778"}],"wp:attachment":[{"href":"https:\/\/deultimominuto.com\/en\/wp-json\/wp\/v2\/media?parent=476777"}],"wp:term":[{"taxonomy":"category","embeddable":true,"href":"https:\/\/deultimominuto.com\/en\/wp-json\/wp\/v2\/categories?post=476777"},{"taxonomy":"post_tag","embeddable":true,"href":"https:\/\/deultimominuto.com\/en\/wp-json\/wp\/v2\/tags?post=476777"}],"curies":[{"name":"wp","href":"https:\/\/api.w.org\/{rel}","templated":true}]}}