{"id":476805,"date":"2025-07-30T09:03:31","date_gmt":"2025-07-30T13:03:31","guid":{"rendered":"https:\/\/deultimominuto.net\/en\/uncategorized\/national-district-attorneys-office-confirms-investigation-into-defamation-complaints-and-alleged-blackmail-in-digital-media\/"},"modified":"2025-07-30T09:03:31","modified_gmt":"2025-07-30T13:03:31","slug":"national-district-attorneys-office-confirms-investigation-into-defamation-complaints-and-alleged-blackmail-in-digital-media","status":"publish","type":"post","link":"https:\/\/deultimominuto.com\/en\/dominican-news\/justice\/national-district-attorneys-office-confirms-investigation-into-defamation-complaints-and-alleged-blackmail-in-digital-media\/","title":{"rendered":"National District Attorney&#8217;s Office confirms investigation into defamation complaints and alleged blackmail in digital media"},"content":{"rendered":"Santo Domingo \u2014 The National District Attorney&#8217;s Office confirmed the opening of an investigation into defamation complaints and alleged blackmail involving communicators and public figures in the Dominican Republic, a process that had already been <a href=\"https:\/\/ab.deultimominuto.net\/nacionales\/investigan-estructura-extorsion\/\" data-type=\"link\" data-id=\"https:\/\/ab.deultimominuto.net\/nacionales\/investigan-estructura-extorsion\/\" target=\"_blank\" rel=\"noopener\">anticipated a month ago by De \u00daltimo Minuto after receiving information from an anonymous source<\/a>.\n\nAccording to a public statement from the Attorney General&#8217;s Office, the <a href=\"https:\/\/pgr.gob.do\/\" data-type=\"link\" data-id=\"https:\/\/pgr.gob.do\/\" target=\"_blank\" rel=\"noopener\">Public Ministry<\/a> is examining recent cases in which several communicators are pointed out, including \u00c1ngel Mart\u00ednez, Ingrid Jorge, Claudia P\u00e9rez (\u201cLa Tora\u201d), Luis Alfredo Cabrera (\u201cKapulet\u201d), Jos\u00e9 Maracallo and Fernando Pe\u00f1a, for alleged actions of discredit and pressure through digital platforms. Among the complaints is the one presented by the Minister of Interior and Police, Faride Raful, who claims to have been defamed by some of those mentioned.\n\n\n<p class=\"wp-block-paragraph\"><strong>You can also read: <a href=\"https:\/\/ab.deultimominuto.net\/nacionales\/investigan-estructura-extorsion\/\" data-type=\"link\" data-id=\"https:\/\/ab.deultimominuto.net\/nacionales\/investigan-estructura-extorsion\/\" target=\"_blank\" rel=\"noopener\">Investigation into alleged media extortion structure headed by \u00c1ngel Mart\u00edne<\/a>z<\/strong><\/p>\n\n\nThe lead prosecutor, Rosalba Ramos, indicated that the investigation seeks to identify patterns of behavior that may constitute blackmail schemes or misuse of the media to exert pressure on officials and citizens. Ramos stressed that freedom of expression is a fundamental right, but warned that it should not be used as a tool of threat or extortion.\n\nIn the statement, the Prosecutor&#8217;s Office notes that in recent months there has been an increase in cross-complaints, defamation lawsuits, and allegations of blackmail in the media. According to the institution, this situation has raised concerns about the impact of these practices on public trust and the integrity of democratic debate.\n\nThe Public Ministry reiterated that it will act in accordance with the law to protect both freedom of the press and the right of citizens not to be subjected to defamatory campaigns or media pressure. The prosecution warned that it will continue with the investigations and will take the necessary measures to stop the use of the media as a mechanism of discredit or intimidation.","protected":false},"excerpt":{"rendered":"<p>Santo Domingo \u2014 The National District Attorney&#8217;s Office confirmed the opening of an investigation into defamation complaints and alleged blackmail involving communicators and public figures in the Dominican Republic, a process that had already been anticipated a month ago by De \u00daltimo Minuto after receiving information from an anonymous source. According to a public statement [&hellip;]<\/p>\n","protected":false},"author":2,"featured_media":476806,"comment_status":"open","ping_status":"open","sticky":false,"template":"","format":"standard","meta":{"_acf_changed":false,"_jetpack_newsletter_access":"","_jetpack_dont_email_post_to_subs":false,"_jetpack_newsletter_tier_id":0,"_jetpack_memberships_contains_paywalled_content":false,"_jetpack_memberships_contains_paid_content":false,"footnotes":"","_members_access_role":[],"_members_access_error":""},"categories":[36952],"tags":[40798,41760,14790,41761],"class_list":["post-476805","post","type-post","status-publish","format-standard","has-post-thumbnail","category-justice","tag-angel-martinez","tag-prosecution","tag-rosalba-ramos","tag-the-tora"],"acf":[],"jetpack_sharing_enabled":true,"jetpack_shortlink":"https:\/\/wp.me\/phj1q1-202p","jetpack_featured_media_url":"https:\/\/deultimominuto.com\/en\/wp-content\/uploads\/sites\/2\/2025\/07\/Diseno-sin-titulo-14.jpg","dum_api":{"author_name":"H\u00e9ctor Romero","author_image":"https:\/\/deultimominuto.com\/wp-content\/uploads\/2023\/05\/Disen\u0303o-sin-ti\u0301tulo-2-96x96.jpg","categories_name":["Justice"],"featured_media_url":"https:\/\/cdn.deultimominuto.com\/en\/wp-content\/uploads\/sites\/2\/2025\/07\/Diseno-sin-titulo-14.jpg"},"_links":{"self":[{"href":"https:\/\/deultimominuto.com\/en\/wp-json\/wp\/v2\/posts\/476805","targetHints":{"allow":["GET"]}}],"collection":[{"href":"https:\/\/deultimominuto.com\/en\/wp-json\/wp\/v2\/posts"}],"about":[{"href":"https:\/\/deultimominuto.com\/en\/wp-json\/wp\/v2\/types\/post"}],"author":[{"embeddable":true,"href":"https:\/\/deultimominuto.com\/en\/wp-json\/wp\/v2\/users\/2"}],"replies":[{"embeddable":true,"href":"https:\/\/deultimominuto.com\/en\/wp-json\/wp\/v2\/comments?post=476805"}],"version-history":[{"count":0,"href":"https:\/\/deultimominuto.com\/en\/wp-json\/wp\/v2\/posts\/476805\/revisions"}],"wp:featuredmedia":[{"embeddable":true,"href":"https:\/\/deultimominuto.com\/en\/wp-json\/wp\/v2\/media\/476806"}],"wp:attachment":[{"href":"https:\/\/deultimominuto.com\/en\/wp-json\/wp\/v2\/media?parent=476805"}],"wp:term":[{"taxonomy":"category","embeddable":true,"href":"https:\/\/deultimominuto.com\/en\/wp-json\/wp\/v2\/categories?post=476805"},{"taxonomy":"post_tag","embeddable":true,"href":"https:\/\/deultimominuto.com\/en\/wp-json\/wp\/v2\/tags?post=476805"}],"curies":[{"name":"wp","href":"https:\/\/api.w.org\/{rel}","templated":true}]}}