{"id":476976,"date":"2025-07-31T13:47:56","date_gmt":"2025-07-31T17:47:56","guid":{"rendered":"https:\/\/deultimominuto.net\/en\/uncategorized\/expo-vega-real-2025-values-agricultures-leadership-in-the-transformation-of-the-countryside\/"},"modified":"2025-07-31T13:50:38","modified_gmt":"2025-07-31T17:50:38","slug":"expo-vega-real-2025-values-agricultures-leadership-in-the-transformation-of-the-countryside","status":"publish","type":"post","link":"https:\/\/deultimominuto.com\/en\/uncategorized\/expo-vega-real-2025-values-agricultures-leadership-in-the-transformation-of-the-countryside\/","title":{"rendered":"Expo Vega Real 2025 values Agriculture&#8217;s leadership in the transformation of the countryside"},"content":{"rendered":"<p>With the participation of the Vice President of the Republic, Raquel Pe\u00f1a, the twenty-ninth edition of the Vega Real Expo Feria was inaugurated at the La Vega Country Club, with this version dedicated to the Minister of Agriculture, Limber Cruz, in recognition of his contribution to the development of the Dominican countryside.<\/p>\n<p>The space organized by the Chamber of Commerce and Production of La Vega for this year under the slogan &#8220;Where the earth speaks, the future listens&#8221;, positions the Ministry as a key player in technological modernization, strengthening productive capacities, territorial equity and the consolidation of public policies aimed at rural and Dominican countryside well-being.<\/p>\n<p>During the opening ceremony, Minister Cruz thanked Expo Vega for the gesture, sharing the tribute with the producers and agricultural workers. &#8220;We have connected science, research, and technology with Dominican agriculture,&#8221; he stated, when presenting sustained growth results in national production under the management of President Luis Abinader.<\/p>\n<p>Vice President Pe\u00f1a also received recognition for her outstanding career. Figures such as Jos\u00e9 Agust\u00edn Hern\u00e1ndez, Ney Pimentel, Oliverio Espaillat, and Hugo Concepci\u00f3n were also honored for their contributions to production.<\/p>\n<p>The activity is projected as a strategic space to enable agricultural achievements and challenges, promoting intersectoral synergy towards a more prosperous and sustainable rural future.<\/p>\n<p>The event was attended by national and local authorities, including former President Hip\u00f3lito Mej\u00eda; the governor of La Vega, Luisa Jim\u00e9nez; the Minister of Sports, Kelvin Cruz; Senator Ram\u00f3n Rogelio Genao; directors of entities linked to agriculture, Fedoc\u00e1maras and municipal areas.<\/p>\n","protected":false},"excerpt":{"rendered":"<p>With the participation of the Vice President of the Republic, Raquel Pe\u00f1a, the twenty-ninth edition of the Vega Real Expo Feria was inaugurated at the La Vega Country Club, with this version dedicated to the Minister of Agriculture, Limber Cruz, in recognition of his contribution to the development of the Dominican countryside. The space organized [&hellip;]<\/p>\n","protected":false},"author":5401,"featured_media":0,"comment_status":"open","ping_status":"open","sticky":false,"template":"","format":"standard","meta":{"_acf_changed":false,"_jetpack_newsletter_access":"","_jetpack_dont_email_post_to_subs":false,"_jetpack_newsletter_tier_id":0,"_jetpack_memberships_contains_paywalled_content":false,"_jetpack_memberships_contains_paid_content":false,"footnotes":"","_members_access_role":[],"_members_access_error":""},"categories":[1],"tags":[],"class_list":["post-476976","post","type-post","status-publish","format-standard","category-uncategorized"],"acf":[],"jetpack_sharing_enabled":true,"jetpack_shortlink":"https:\/\/wp.me\/phj1q1-205a","jetpack_featured_media_url":"","dum_api":{"author_name":"Mart\u00edn Adames","author_image":"https:\/\/deultimominuto.com\/wp-content\/uploads\/2025\/02\/cropped-WhatsApp-Image-2025-02-11-at-11.04.20-AM-96x96.jpeg","categories_name":["Uncategorized"],"featured_media_url":null},"_links":{"self":[{"href":"https:\/\/deultimominuto.com\/en\/wp-json\/wp\/v2\/posts\/476976","targetHints":{"allow":["GET"]}}],"collection":[{"href":"https:\/\/deultimominuto.com\/en\/wp-json\/wp\/v2\/posts"}],"about":[{"href":"https:\/\/deultimominuto.com\/en\/wp-json\/wp\/v2\/types\/post"}],"author":[{"embeddable":true,"href":"https:\/\/deultimominuto.com\/en\/wp-json\/wp\/v2\/users\/5401"}],"replies":[{"embeddable":true,"href":"https:\/\/deultimominuto.com\/en\/wp-json\/wp\/v2\/comments?post=476976"}],"version-history":[{"count":0,"href":"https:\/\/deultimominuto.com\/en\/wp-json\/wp\/v2\/posts\/476976\/revisions"}],"wp:attachment":[{"href":"https:\/\/deultimominuto.com\/en\/wp-json\/wp\/v2\/media?parent=476976"}],"wp:term":[{"taxonomy":"category","embeddable":true,"href":"https:\/\/deultimominuto.com\/en\/wp-json\/wp\/v2\/categories?post=476976"},{"taxonomy":"post_tag","embeddable":true,"href":"https:\/\/deultimominuto.com\/en\/wp-json\/wp\/v2\/tags?post=476976"}],"curies":[{"name":"wp","href":"https:\/\/api.w.org\/{rel}","templated":true}]}}