{"id":477018,"date":"2025-07-31T19:24:59","date_gmt":"2025-07-31T23:24:59","guid":{"rendered":"https:\/\/deultimominuto.net\/en\/uncategorized\/abinader-inaugurates-schools-in-la-altagracia-with-capacity-for-1600-students\/"},"modified":"2025-07-31T19:24:59","modified_gmt":"2025-07-31T23:24:59","slug":"abinader-inaugurates-schools-in-la-altagracia-with-capacity-for-1600-students","status":"publish","type":"post","link":"https:\/\/deultimominuto.com\/en\/dominican-news\/abinader-inaugurates-schools-in-la-altagracia-with-capacity-for-1600-students\/","title":{"rendered":"Abinader inaugurates schools in La Altagracia with capacity for 1,600 students"},"content":{"rendered":"<strong>La Altagracia<\/strong>. \u2013 With a capacity of 1,610 students and adding 46 new classrooms to the Dominican school system, President Luis Abinader inaugurated two schools in Hig\u00fcey.\n\nThe new schools built by the School Infrastructure Directorate (DIE), through the &#8220;24\/7 Classrooms&#8221; Plan, have administrative areas, a library, a nurse&#8217;s office, laboratories, guidance offices, a teachers&#8217; lounge, special classrooms, a kitchen, a dining room, and a sports field.\n\nAccompanying President Abinader, the Minister of Education, <a href=\"https:\/\/presidencia.gob.do\/ministros\/luis-miguel-de-camps-garcia-mella\" data-type=\"link\" data-id=\"https:\/\/presidencia.gob.do\/ministros\/luis-miguel-de-camps-garcia-mella\" target=\"_blank\" rel=\"noopener\">Luis Miguel De Camps<\/a>, who highlighted that each new classroom represents a firm step towards guaranteeing the right to education for all Dominican children and emphasized that this work not only provides infrastructure, but also renews the Government&#8217;s commitment to the country&#8217;s development through inclusive and quality education.\n\n\n<h5 class=\"wp-block-heading\"><strong>You can also read: <a href=\"https:\/\/ab.deultimominuto.net\/nacionales\/educacion-moral-civica-y-etica\/\" target=\"_blank\" rel=\"noopener\"><a href=\"https:\/\/ab.deultimominuto.net\/nacionales\/abinader-sostendra-reunion\/\" target=\"_blank\" rel=\"noopener\">Abinader will hold a working meeting in Education<\/a><\/a><\/strong><\/h5>\n\n\nThe school delivery took place in two separate events. The first took place at the Dr. Jos\u00e9 Francisco Pe\u00f1a G\u00f3mez school, located in the Villa Cerro sector, which has 28 classrooms and was built with an investment of RD$ 156,656,085.01.\n\nThe second act was held at the San Rafael Fe y Alegr\u00eda educational center, in the Yuma sector, with 11 classrooms and a cost of RD$ 80,067,121.43.\n\nWithin the framework of both ceremonies, the Mata Chalupe educational centers were also delivered, with six classrooms and an investment of RD$ 15,774,611.89, and the Initial Level Classroom of the Bejucalito Educational Center, whose construction involved an investment of RD$ 7,265,055.64.\n\n\n<figure class=\"wp-block-gallery has-nested-images columns-default is-cropped wp-block-gallery-1 is-layout-flex wp-block-gallery-is-layout-flex\">\n<figure class=\"wp-block-image size-large\"><img decoding=\"async\" data-id=\"509520\" src=\"https:\/\/ab.deultimominuto.net\/wp-content\/uploads\/2025\/07\/WhatsApp-Image-2025-07-31-at-3.50.13-PM-3-1024x683.jpeg\" alt=\"\" class=\"wp-image-509520\" title=\"\"><\/figure>\n\n\n\n<figure class=\"wp-block-image size-large\"><img decoding=\"async\" data-id=\"509519\" src=\"https:\/\/ab.deultimominuto.net\/wp-content\/uploads\/2025\/07\/WhatsApp-Image-2025-07-31-at-3.50.13-PM-1-1024x683.jpeg\" alt=\"\" class=\"wp-image-509519\" title=\"\"><\/figure>\n\n\n\n<figure class=\"wp-block-image size-large\"><img decoding=\"async\" data-id=\"509521\" src=\"https:\/\/ab.deultimominuto.net\/wp-content\/uploads\/2025\/07\/WhatsApp-Image-2025-07-31-at-3.50.13-PM-1024x683.jpeg\" alt=\"\" class=\"wp-image-509521\" title=\"\"><\/figure>\n<\/figure>\n","protected":false},"excerpt":{"rendered":"<p>La Altagracia. \u2013 With a capacity of 1,610 students and adding 46 new classrooms to the Dominican school system, President Luis Abinader inaugurated two schools in Hig\u00fcey. The new schools built by the School Infrastructure Directorate (DIE), through the &#8220;24\/7 Classrooms&#8221; Plan, have administrative areas, a library, a nurse&#8217;s office, laboratories, guidance offices, a teachers&#8217; [&hellip;]<\/p>\n","protected":false},"author":133543,"featured_media":477019,"comment_status":"open","ping_status":"open","sticky":false,"template":"","format":"standard","meta":{"_acf_changed":false,"_jetpack_newsletter_access":"","_jetpack_dont_email_post_to_subs":false,"_jetpack_newsletter_tier_id":0,"_jetpack_memberships_contains_paywalled_content":false,"_jetpack_memberships_contains_paid_content":false,"footnotes":"","_members_access_role":[],"_members_access_error":""},"categories":[40216],"tags":[15815],"class_list":["post-477018","post","type-post","status-publish","format-standard","has-post-thumbnail","category-dominican-news","tag-la-altagracia"],"acf":[],"jetpack_sharing_enabled":true,"jetpack_shortlink":"https:\/\/wp.me\/phj1q1-205Q","jetpack_featured_media_url":"https:\/\/deultimominuto.com\/en\/wp-content\/uploads\/sites\/2\/2025\/07\/WhatsApp-Image-2025-07-31-at-3.50.13-PM-2.jpeg","dum_api":{"author_name":"Carolina \u00c1lvarez","author_image":"https:\/\/deultimominuto.com\/wp-content\/uploads\/2026\/05\/cropped-WhatsApp-Image-2026-05-26-at-5.31.57-PM-96x96.jpeg","categories_name":["Dominican News"],"featured_media_url":"https:\/\/cdn.deultimominuto.com\/en\/wp-content\/uploads\/sites\/2\/2025\/07\/WhatsApp-Image-2025-07-31-at-3.50.13-PM-2.jpeg"},"_links":{"self":[{"href":"https:\/\/deultimominuto.com\/en\/wp-json\/wp\/v2\/posts\/477018","targetHints":{"allow":["GET"]}}],"collection":[{"href":"https:\/\/deultimominuto.com\/en\/wp-json\/wp\/v2\/posts"}],"about":[{"href":"https:\/\/deultimominuto.com\/en\/wp-json\/wp\/v2\/types\/post"}],"author":[{"embeddable":true,"href":"https:\/\/deultimominuto.com\/en\/wp-json\/wp\/v2\/users\/133543"}],"replies":[{"embeddable":true,"href":"https:\/\/deultimominuto.com\/en\/wp-json\/wp\/v2\/comments?post=477018"}],"version-history":[{"count":0,"href":"https:\/\/deultimominuto.com\/en\/wp-json\/wp\/v2\/posts\/477018\/revisions"}],"wp:featuredmedia":[{"embeddable":true,"href":"https:\/\/deultimominuto.com\/en\/wp-json\/wp\/v2\/media\/477019"}],"wp:attachment":[{"href":"https:\/\/deultimominuto.com\/en\/wp-json\/wp\/v2\/media?parent=477018"}],"wp:term":[{"taxonomy":"category","embeddable":true,"href":"https:\/\/deultimominuto.com\/en\/wp-json\/wp\/v2\/categories?post=477018"},{"taxonomy":"post_tag","embeddable":true,"href":"https:\/\/deultimominuto.com\/en\/wp-json\/wp\/v2\/tags?post=477018"}],"curies":[{"name":"wp","href":"https:\/\/api.w.org\/{rel}","templated":true}]}}