{"id":477138,"date":"2025-08-01T19:45:09","date_gmt":"2025-08-01T23:45:09","guid":{"rendered":"https:\/\/deultimominuto.net\/en\/uncategorized\/hipolito-mejia-among-former-presidents-who-ask-to-address-uribes-human-rights-violations\/"},"modified":"2025-08-01T19:45:09","modified_gmt":"2025-08-01T23:45:09","slug":"hipolito-mejia-among-former-presidents-who-ask-to-address-uribes-human-rights-violations","status":"publish","type":"post","link":"https:\/\/deultimominuto.com\/en\/dominican-news\/hipolito-mejia-among-former-presidents-who-ask-to-address-uribes-human-rights-violations\/","title":{"rendered":"Hip\u00f3lito Mej\u00eda, among former presidents who ask to address Uribe&#8217;s human rights violations"},"content":{"rendered":"<strong>Bogot\u00e1<\/strong>.- A group of 26 former leaders from 13 Ibero-American countries, including the Dominican <strong>Hip\u00f3lito Mej\u00eda,<\/strong> asked the UN and the <strong>Organization of American States (OAS)<\/strong> to address the &#8220;serious violations&#8221; against the human rights of former Colombian President \u00c1lvaro Uribe, who will learn this Friday the sentence he must serve for the crimes of procedural fraud and bribery in criminal proceedings.\n\nThis was stated by members of the <strong>Democratic Initiative of Spain and the Americas (Idea Group)<\/strong> in a letter to the UN High Commissioner for Human Rights, Volker T\u00fcrk, the Special Rapporteur on the Independence of Judges and Lawyers of the United Nations, Margaret Satterthwaite, the Secretary General of the OAS, Albert Randim, and the Inter-American Commission on Human Rights (IACHR).\n\n\n<p class=\"wp-block-paragraph\"><strong>You may be interested in<\/strong>: <a href=\"https:\/\/ab.deultimominuto.net\/nacionales\/hombre-ultimo-a-su-vecina\/\" data-type=\"post\" data-id=\"505915\" target=\"_blank\" rel=\"noopener\">Man killed his neighbor in a Naco condominium: victim is the sister-in-law of Hip\u00f3lito Mej\u00eda&#8217;s son<\/a><\/p>\n\n\n\u00abWe come before you so that (\u2026) you assume the historic responsibility of safeguarding the constitutional and legal State in Colombia\u00bb, they expressed.\n\nIn the opinion of the former presidents, the criminal proceedings against Uribe have been &#8220;plagued with anomalies, which have now resulted in a first instance judicial conviction&#8221;.\n\n&#8220;The anomalies of this process constitute systematic violations of their rights protected by the Universal Declaration of Human Rights of 1948 and the American Convention on Human Rights,&#8221; they added.\n\nThe letter was signed by former Spanish government presidents Jose Maria Aznar and Mariano Rajoy, and by former presidents of Argentina Mauricio Macri; of Bolivia Carlos Mesa and Jorge Quiroga; of Chile Eduardo Frei; of Colombia Ivan Duque; of Costa Rica Oscar Arias, Rafael Angel Calderon and Miguel Angel Rodriguez; of Ecuador Jamil Mahuad and Lenin Moreno; of El Salvador Alfredo Cristiani, and of Mexico Vicente Fox and Felipe Calderon.\n\nIt was also signed by former presidents of Panama Nicol\u00e1s Ardito, Mireya Moscoso and Ernesto P\u00e9rez; of Paraguay Mario Abdo Ben\u00edtez, Federico Franco and Juan Carlos Wasmosy; of the Dominican Republic Hip\u00f3lito Mej\u00eda; and of Uruguay Luis Alberto Lacalle and Julio Mar\u00eda Sanguinetti, as well as Venezuelan opposition leader Juan Guaid\u00f3 and former governor of Puerto Rico Luis Fortu\u00f1o.\n\nUribe, 73 years old and head of the right-wing Democratic Center party, became on Monday the first Colombian former president criminally convicted, after being found responsible, in the first instance, of the crimes of bribery in criminal proceedings and procedural fraud.\n\nThe accredited victims in the case against the former president, led by the left-wing senator Iv\u00e1n Cepeda, alerted the UN and the IACHR of the &#8220;external pressures&#8221;, specifically from the U.S., on the country&#8217;s judiciary.\n\n\n<p class=\"wp-block-paragraph\">This afternoon, the judge in charge of the case against the former president, Sandra Heredia, is expected to announce the sentence Uribe will have to serve, which could range from four to eight years in prison, likely under house arrest.<\/p>\n","protected":false},"excerpt":{"rendered":"<p>Bogot\u00e1.- A group of 26 former leaders from 13 Ibero-American countries, including the Dominican Hip\u00f3lito Mej\u00eda, asked the UN and the Organization of American States (OAS) to address the &#8220;serious violations&#8221; against the human rights of former Colombian President \u00c1lvaro Uribe, who will learn this Friday the sentence he must serve for the crimes of [&hellip;]<\/p>\n","protected":false},"author":27,"featured_media":477139,"comment_status":"open","ping_status":"open","sticky":false,"template":"","format":"standard","meta":{"_acf_changed":false,"_jetpack_newsletter_access":"","_jetpack_dont_email_post_to_subs":false,"_jetpack_newsletter_tier_id":0,"_jetpack_memberships_contains_paywalled_content":false,"_jetpack_memberships_contains_paid_content":false,"footnotes":"","_members_access_role":[],"_members_access_error":""},"categories":[40216],"tags":[21854,15381],"class_list":["post-477138","post","type-post","status-publish","format-standard","has-post-thumbnail","category-dominican-news","tag-alvaro-uribe","tag-hipolito-mejia"],"acf":[],"jetpack_sharing_enabled":true,"jetpack_shortlink":"https:\/\/wp.me\/phj1q1-207M","jetpack_featured_media_url":"https:\/\/deultimominuto.com\/en\/wp-content\/uploads\/sites\/2\/2025\/08\/PAPA-860x547-1.jpg","dum_api":{"author_name":"Arelis Suero","author_image":"https:\/\/deultimominuto.com\/wp-content\/uploads\/2024\/03\/cropped-cropped-Diseno-sin-titulo-41-96x96.jpg","categories_name":["Dominican News"],"featured_media_url":"https:\/\/cdn.deultimominuto.com\/en\/wp-content\/uploads\/sites\/2\/2025\/08\/PAPA-860x547-1.jpg"},"_links":{"self":[{"href":"https:\/\/deultimominuto.com\/en\/wp-json\/wp\/v2\/posts\/477138","targetHints":{"allow":["GET"]}}],"collection":[{"href":"https:\/\/deultimominuto.com\/en\/wp-json\/wp\/v2\/posts"}],"about":[{"href":"https:\/\/deultimominuto.com\/en\/wp-json\/wp\/v2\/types\/post"}],"author":[{"embeddable":true,"href":"https:\/\/deultimominuto.com\/en\/wp-json\/wp\/v2\/users\/27"}],"replies":[{"embeddable":true,"href":"https:\/\/deultimominuto.com\/en\/wp-json\/wp\/v2\/comments?post=477138"}],"version-history":[{"count":0,"href":"https:\/\/deultimominuto.com\/en\/wp-json\/wp\/v2\/posts\/477138\/revisions"}],"wp:featuredmedia":[{"embeddable":true,"href":"https:\/\/deultimominuto.com\/en\/wp-json\/wp\/v2\/media\/477139"}],"wp:attachment":[{"href":"https:\/\/deultimominuto.com\/en\/wp-json\/wp\/v2\/media?parent=477138"}],"wp:term":[{"taxonomy":"category","embeddable":true,"href":"https:\/\/deultimominuto.com\/en\/wp-json\/wp\/v2\/categories?post=477138"},{"taxonomy":"post_tag","embeddable":true,"href":"https:\/\/deultimominuto.com\/en\/wp-json\/wp\/v2\/tags?post=477138"}],"curies":[{"name":"wp","href":"https:\/\/api.w.org\/{rel}","templated":true}]}}