{"id":477721,"date":"2025-08-07T17:35:17","date_gmt":"2025-08-07T21:35:17","guid":{"rendered":"https:\/\/deultimominuto.net\/en\/uncategorized\/chamber-of-deputies-receives-dominican-spanish-students-winners-of-the-madrid-2025-school-merit-award\/"},"modified":"2025-08-07T17:35:17","modified_gmt":"2025-08-07T21:35:17","slug":"chamber-of-deputies-receives-dominican-spanish-students-winners-of-the-madrid-2025-school-merit-award","status":"publish","type":"post","link":"https:\/\/deultimominuto.com\/en\/dominican-news\/chamber-of-deputies-receives-dominican-spanish-students-winners-of-the-madrid-2025-school-merit-award\/","title":{"rendered":"Chamber of Deputies receives Dominican-Spanish students winners of the Madrid 2025 School Merit Award"},"content":{"rendered":"<strong>Santo Domingo<\/strong>.- A group of young Dominicans residing in Spain, winners of the XV Edition of the Madrid 2025 School Merit Award, visited the Chamber of Deputies of the Dominican Republic this Thursday, as part of their cultural tour of the country.\n\nThe delegation was received by the president of the Chamber of Deputies, Alfredo Pacheco, who gave them a warm welcome and encouraged them to keep their connection with the Dominican Republic alive.\n\n\n<figure class=\"wp-block-pullquote\"><blockquote><p>\u201cEs un placer para nosotros mostrarles c\u00f3mo funcionan nuestras instituciones, que dan sustento a la forma de gobierno democr\u00e1tica del pa\u00eds. Nos da mucho orgullo tenerlos aqu\u00ed, que puedan sentirse como en su casa, y ojal\u00e1 que en un futuro puedan estar aqu\u00ed con nosotros represent\u00e1ndonos\u201d, <\/p><cite>expres\u00f3 Pacheco.<\/cite><\/blockquote><\/figure>\n\n\nThe Dominican ambassador in Spain, Tony Raful, accompanied the group and highlighted the purpose of the visit: &#8220;They are Spanish Dominicans, children of Dominican parents, so they need to learn about the country from which their roots come; a country they can represent with pride in the future. That&#8217;s why we have come: so that they know the different powers of the State, and above all this one, which is the first, the Legislative Power.&#8221;\n\n\n<h5 class=\"wp-block-heading\"><strong>You can also read: <a href=\"https:\/\/ab.deultimominuto.net\/nacionales\/camara-de-comercio-codigo-penal\/\" target=\"_blank\" rel=\"noopener\">SC Chamber of Commerce values new Penal Code<\/a><\/strong><\/h5>\n\n\nThe students were recognized by the Embassy of the Dominican Republic in Spain for their academic excellence, spirit of self-improvement, civic behavior, and exemplary human conduct. The award aims to highlight the efforts of young people of Dominican origin between 12 and 18 years old who have excelled in their educational communities in Spanish territory.\n\nThe School Merit Award, promoted by the Dominican Embassy in Spain, offers winners a week of cultural and institutional activities in the country, including meetings with President Luis Abinader, the First Lady, Raquel Arbaje, and other national authorities.\n\nDuring their stay at the <a href=\"https:\/\/www.senadord.gob.do\/\" data-type=\"link\" data-id=\"https:\/\/www.senadord.gob.do\/\" target=\"_blank\" rel=\"noopener\">National Congress<\/a>, the youths participated in the educational program \u201c<strong>Representative for a Day<\/strong>\u201d, which allowed them to learn about the functioning of the legislative institution from within.\n\nThe tour began in the esplanade of the Chamber of Deputies, continued through the imposing National Assembly Hall, the Hemicycle and ended with a visit to the Senate of the Republic, where they received explanations about the legislative processes and the role of the congressmen.\n\n\n<figure class=\"wp-block-gallery has-nested-images columns-default is-cropped wp-block-gallery-1 is-layout-flex wp-block-gallery-is-layout-flex\">\n<figure class=\"wp-block-image size-large\"><img decoding=\"async\" data-id=\"512477\" src=\"https:\/\/ab.deultimominuto.net\/wp-content\/uploads\/2025\/08\/LEG_8796.jpg\" alt=\"\" class=\"wp-image-512477\" title=\"\"><\/figure>\n\n\n\n<figure class=\"wp-block-image size-large\"><img decoding=\"async\" data-id=\"512478\" src=\"https:\/\/ab.deultimominuto.net\/wp-content\/uploads\/2025\/08\/RRB9295.jpg\" alt=\"\" class=\"wp-image-512478\" title=\"\"><\/figure>\n\n\n\n<figure class=\"wp-block-image size-large\"><img decoding=\"async\" data-id=\"512479\" src=\"https:\/\/ab.deultimominuto.net\/wp-content\/uploads\/2025\/08\/RRB9332-1.jpg\" alt=\"\" class=\"wp-image-512479\" title=\"\"><\/figure>\n<\/figure>\n","protected":false},"excerpt":{"rendered":"<p>Santo Domingo.- A group of young Dominicans residing in Spain, winners of the XV Edition of the Madrid 2025 School Merit Award, visited the Chamber of Deputies of the Dominican Republic this Thursday, as part of their cultural tour of the country. The delegation was received by the president of the Chamber of Deputies, Alfredo [&hellip;]<\/p>\n","protected":false},"author":4,"featured_media":477722,"comment_status":"open","ping_status":"open","sticky":false,"template":"","format":"standard","meta":{"_acf_changed":false,"_jetpack_newsletter_access":"","_jetpack_dont_email_post_to_subs":false,"_jetpack_newsletter_tier_id":0,"_jetpack_memberships_contains_paywalled_content":false,"_jetpack_memberships_contains_paid_content":false,"footnotes":"","_members_access_role":[],"_members_access_error":""},"categories":[40216],"tags":[40597,50,41846],"class_list":["post-477721","post","type-post","status-publish","format-standard","has-post-thumbnail","category-dominican-news","tag-chamber-of-deputies","tag-madrid","tag-school-merit-award"],"acf":[],"jetpack_sharing_enabled":true,"jetpack_shortlink":"https:\/\/wp.me\/phj1q1-20hb","jetpack_featured_media_url":"https:\/\/deultimominuto.com\/en\/wp-content\/uploads\/sites\/2\/2025\/08\/RRB9332.jpg","dum_api":{"author_name":"Redacci\u00f3n De \u00daltimo Minuto","author_image":"https:\/\/deultimominuto.com\/wp-content\/uploads\/2025\/02\/cropped-logo-de-ultimo-minuto-96x96.png","categories_name":["Dominican News"],"featured_media_url":"https:\/\/cdn.deultimominuto.com\/en\/wp-content\/uploads\/sites\/2\/2025\/08\/RRB9332.jpg"},"_links":{"self":[{"href":"https:\/\/deultimominuto.com\/en\/wp-json\/wp\/v2\/posts\/477721","targetHints":{"allow":["GET"]}}],"collection":[{"href":"https:\/\/deultimominuto.com\/en\/wp-json\/wp\/v2\/posts"}],"about":[{"href":"https:\/\/deultimominuto.com\/en\/wp-json\/wp\/v2\/types\/post"}],"author":[{"embeddable":true,"href":"https:\/\/deultimominuto.com\/en\/wp-json\/wp\/v2\/users\/4"}],"replies":[{"embeddable":true,"href":"https:\/\/deultimominuto.com\/en\/wp-json\/wp\/v2\/comments?post=477721"}],"version-history":[{"count":0,"href":"https:\/\/deultimominuto.com\/en\/wp-json\/wp\/v2\/posts\/477721\/revisions"}],"wp:featuredmedia":[{"embeddable":true,"href":"https:\/\/deultimominuto.com\/en\/wp-json\/wp\/v2\/media\/477722"}],"wp:attachment":[{"href":"https:\/\/deultimominuto.com\/en\/wp-json\/wp\/v2\/media?parent=477721"}],"wp:term":[{"taxonomy":"category","embeddable":true,"href":"https:\/\/deultimominuto.com\/en\/wp-json\/wp\/v2\/categories?post=477721"},{"taxonomy":"post_tag","embeddable":true,"href":"https:\/\/deultimominuto.com\/en\/wp-json\/wp\/v2\/tags?post=477721"}],"curies":[{"name":"wp","href":"https:\/\/api.w.org\/{rel}","templated":true}]}}