{"id":478015,"date":"2025-08-10T16:55:54","date_gmt":"2025-08-10T20:55:54","guid":{"rendered":"https:\/\/deultimominuto.net\/en\/uncategorized\/residents-of-the-el-quisqueya-sector-denounce-vandalism-by-the-owner-of-a-mechanics-workshop\/"},"modified":"2025-08-10T16:55:54","modified_gmt":"2025-08-10T20:55:54","slug":"residents-of-the-el-quisqueya-sector-denounce-vandalism-by-the-owner-of-a-mechanics-workshop","status":"publish","type":"post","link":"https:\/\/deultimominuto.com\/en\/dominican-news\/residents-of-the-el-quisqueya-sector-denounce-vandalism-by-the-owner-of-a-mechanics-workshop\/","title":{"rendered":"Residents of the El Quisqueya sector denounce vandalism by the owner of a mechanic&#8217;s workshop"},"content":{"rendered":"<em>The workshop is located at Pedro Albizu Campos #7, a business called Activo Garage.<\/em>\n\n<strong>Santo Domingo<\/strong>. \u2013 Outrage is growing in the El Quisqueya sector due to the constant acts of vandalism committed, according to residents, by one of the owners of the Activo Garage workshop, located on Pedro Albizu Campos street number 6, in the middle of a residential area.\n\nAccording to witnesses and security camera recordings, the individual has repeatedly engaged in puncturing tires and scratching vehicles parked on the sidewalk or in front of their business, actions that constitute criminal and civil violations, specifically damage to private property, sanctioned by law.\n\n\n<h6 class=\"wp-block-heading\"><strong>You can also read: <a href=\"https:\/\/ab.deultimominuto.net\/nacionales\/residentes-costa-caribe-apelaran\/\" target=\"_blank\" rel=\"noopener\">Residents of Costa Caribe will appeal the sentence that authorizes the construction of a cabin next to a children&#8217;s park<\/a><\/strong><\/h6>\n\n\nThe most recent incident occurred between Friday night and Saturday morning, when he was seen intentionally scratching two vehicles: a red pickup truck and a black Toyota Land Cruiser SUV, both parked in front of the workshop. These are not isolated incidents; residents claim that there is a pattern of aggressive and hostile behavior against those who park nearby.\n\n\n<figure class=\"wp-block-pullquote\"><blockquote><p>\u201cTenemos pruebas irrefutables: fotos, videos y testigos dispuestos a declarar. Ma\u00f1ana mismo, varios de los propietarios afectados acudir\u00e1n a la fiscal\u00eda a interponer querellas formales y llevar\u00e1n consigo los testigos y el material probatorio\u201d, <\/p><cite>advirtieron representantes comunitarios.<\/cite><\/blockquote><\/figure>\n\n\n<p><br>The neighborhood associations of the sector are already coordinating joint actions to formally request the Ayuntamiento del Distrito Nacional and the <a href=\"https:\/\/adn.gob.do\/alcaldesa\/\" data-type=\"link\" data-id=\"https:\/\/adn.gob.do\/alcaldesa\/\" target=\"_blank\" rel=\"noopener\">mayor<\/a> Carolina Mej\u00eda to intervene immediately, also questioning how said business obtained permits to operate in a residential area.<\/p>\n\n<p><br>The community demands that the competent authorities act without delay to punish these acts and guarantee peace and respect for private property in the sector.<\/p>\n\n\n<figure class=\"wp-block-gallery has-nested-images columns-default is-cropped wp-block-gallery-1 is-layout-flex wp-block-gallery-is-layout-flex\">\n<figure class=\"wp-block-image size-large\"><img decoding=\"async\" data-id=\"513782\" src=\"https:\/\/ab.deultimominuto.net\/wp-content\/uploads\/2025\/08\/WhatsApp-Image-2025-08-10-at-4.32.42-PM-3-1024x768.jpeg\" alt=\"\" class=\"wp-image-513782\" title=\"\"><\/figure>\n\n\n\n<figure class=\"wp-block-image size-large\"><img decoding=\"async\" data-id=\"513780\" src=\"https:\/\/ab.deultimominuto.net\/wp-content\/uploads\/2025\/08\/WhatsApp-Image-2025-08-10-at-4.32.42-PM-2-1024x480.jpeg\" alt=\"\" class=\"wp-image-513780\" title=\"\"><\/figure>\n\n\n\n<figure class=\"wp-block-image size-large\"><img decoding=\"async\" data-id=\"513781\" src=\"https:\/\/ab.deultimominuto.net\/wp-content\/uploads\/2025\/08\/WhatsApp-Image-2025-08-10-at-4.32.42-PM-1-1024x630.jpeg\" alt=\"\" class=\"wp-image-513781\" title=\"\"><\/figure>\n<\/figure>\n","protected":false},"excerpt":{"rendered":"<p>The workshop is located at Pedro Albizu Campos #7, a business called Activo Garage. Santo Domingo. \u2013 Outrage is growing in the El Quisqueya sector due to the constant acts of vandalism committed, according to residents, by one of the owners of the Activo Garage workshop, located on Pedro Albizu Campos street number 6, in [&hellip;]<\/p>\n","protected":false},"author":4,"featured_media":478016,"comment_status":"open","ping_status":"open","sticky":false,"template":"","format":"standard","meta":{"_acf_changed":false,"_jetpack_newsletter_access":"","_jetpack_dont_email_post_to_subs":false,"_jetpack_newsletter_tier_id":0,"_jetpack_memberships_contains_paywalled_content":false,"_jetpack_memberships_contains_paid_content":false,"footnotes":"","_members_access_role":[],"_members_access_error":""},"categories":[40216],"tags":[],"class_list":["post-478015","post","type-post","status-publish","format-standard","has-post-thumbnail","category-dominican-news"],"acf":[],"jetpack_sharing_enabled":true,"jetpack_shortlink":"https:\/\/wp.me\/phj1q1-20lV","jetpack_featured_media_url":"https:\/\/deultimominuto.com\/en\/wp-content\/uploads\/sites\/2\/2025\/08\/WhatsApp-Image-2025-08-10-at-4.32.42-PM.jpeg","dum_api":{"author_name":"Redacci\u00f3n De \u00daltimo Minuto","author_image":"https:\/\/deultimominuto.com\/wp-content\/uploads\/2025\/02\/cropped-logo-de-ultimo-minuto-96x96.png","categories_name":["Dominican News"],"featured_media_url":"https:\/\/cdn.deultimominuto.com\/en\/wp-content\/uploads\/sites\/2\/2025\/08\/WhatsApp-Image-2025-08-10-at-4.32.42-PM.jpeg"},"_links":{"self":[{"href":"https:\/\/deultimominuto.com\/en\/wp-json\/wp\/v2\/posts\/478015","targetHints":{"allow":["GET"]}}],"collection":[{"href":"https:\/\/deultimominuto.com\/en\/wp-json\/wp\/v2\/posts"}],"about":[{"href":"https:\/\/deultimominuto.com\/en\/wp-json\/wp\/v2\/types\/post"}],"author":[{"embeddable":true,"href":"https:\/\/deultimominuto.com\/en\/wp-json\/wp\/v2\/users\/4"}],"replies":[{"embeddable":true,"href":"https:\/\/deultimominuto.com\/en\/wp-json\/wp\/v2\/comments?post=478015"}],"version-history":[{"count":0,"href":"https:\/\/deultimominuto.com\/en\/wp-json\/wp\/v2\/posts\/478015\/revisions"}],"wp:featuredmedia":[{"embeddable":true,"href":"https:\/\/deultimominuto.com\/en\/wp-json\/wp\/v2\/media\/478016"}],"wp:attachment":[{"href":"https:\/\/deultimominuto.com\/en\/wp-json\/wp\/v2\/media?parent=478015"}],"wp:term":[{"taxonomy":"category","embeddable":true,"href":"https:\/\/deultimominuto.com\/en\/wp-json\/wp\/v2\/categories?post=478015"},{"taxonomy":"post_tag","embeddable":true,"href":"https:\/\/deultimominuto.com\/en\/wp-json\/wp\/v2\/tags?post=478015"}],"curies":[{"name":"wp","href":"https:\/\/api.w.org\/{rel}","templated":true}]}}