{"id":478161,"date":"2025-08-11T19:19:43","date_gmt":"2025-08-11T23:19:43","guid":{"rendered":"https:\/\/deultimominuto.net\/en\/uncategorized\/unicef-and-unfpa-point-out-that-the-death-of-a-13-year-old-girl-after-giving-birth-in-peru-was-preventable\/"},"modified":"2025-08-11T19:23:10","modified_gmt":"2025-08-11T23:23:10","slug":"unicef-and-unfpa-point-out-that-the-death-of-a-13-year-old-girl-after-giving-birth-in-peru-was-preventable","status":"publish","type":"post","link":"https:\/\/deultimominuto.com\/en\/international\/unicef-and-unfpa-point-out-that-the-death-of-a-13-year-old-girl-after-giving-birth-in-peru-was-preventable\/","title":{"rendered":"UNICEF and UNFPA point out that the death of a 13-year-old girl after giving birth in Peru was preventable"},"content":{"rendered":"<strong>Lima<\/strong>.- The United Nations Children&#8217;s Fund (<a href=\"https:\/\/www.unicef.org\/es\" data-type=\"link\" data-id=\"https:\/\/www.unicef.org\/es\" target=\"_blank\" rel=\"noopener\">Unicef<\/a>) and the United Nations Population Fund (UNFPA) denounced that the death of a 13-year-old Peruvian girl shortly after giving birth at home was preventable and warned that it is not an isolated incident, as barriers to access to sexual and reproductive health services are costing lives.\n\nThe girl died on August 1 shortly after giving birth at her home in the center of the Peruvian Andes, after having been the victim of an alleged <strong>sexual assault<\/strong>.\n\n\n<p class=\"wp-block-paragraph\"><strong>You can also read: <a href=\"https:\/\/ab.deultimominuto.net\/internacionales\/muere-nina-13-anos-tras-dar-a-luz\/\" target=\"_blank\" rel=\"noopener\">13-year-old girl dies after giving birth<\/a><\/strong><\/p>\n\n\n\n<div class=\"wp-block-columns is-layout-flex wp-container-core-columns-is-layout-8f761849 wp-block-columns-is-layout-flex\">\n<div class=\"wp-block-column is-layout-flow wp-block-column-is-layout-flow\" style=\"flex-basis:100%\">&#8220;This is a preventable death that should never have happened, just as sexual violence against girls, boys, and adolescents should not happen. The Peruvian State and its institutions must guarantee the comprehensive protection of children&#8221;, said Unicef in a statement.<\/div>\n<\/div>\n\n\nShe added that, in the particular case of pregnant girls, institutions must grant access to information, health services, care, psychosocial and legal support to exercise the rights granted to them by the Convention on the Rights of the Child and Peruvian regulations.\n\nThe deceased girl&#8217;s mother told journalists that the minor lost consciousness after the delivery and was found dead two hours later.\n\n\n<figure class=\"wp-block-pullquote\"><blockquote><p>&#8220;Este no es un caso aislado. Seg\u00fan informaci\u00f3n del Ministerio de Salud, el fallecimiento de ni\u00f1as y adolescentes menores de 19 a\u00f1os por causas relacionadas al embarazo o el parto representaron el 14 % de las muertes maternas en el pa\u00eds en el 2024&#8221;, <\/p><cite>sostuvo Unicef.<\/cite><\/blockquote><\/figure>\n\n\nHe affirmed that violence against children, &#8220;which has in sexual violence the most extreme situation of violation of rights&#8221;, must convene the entire State and society so that comprehensive protection measures for children are extended, without exceptions.\n\n\n<h6 class=\"wp-block-heading\">UNICEF and UNPFA reported that in the last three years, maternal mortality of those under 19 has progressively increased, from 10.9% in 2019 to 14.3% in 2024, equivalent to 35 of the 244 deaths recorded that year.<\/h6>\n","protected":false},"excerpt":{"rendered":"<p>Lima.- The United Nations Children&#8217;s Fund (Unicef) and the United Nations Population Fund (UNFPA) denounced that the death of a 13-year-old Peruvian girl shortly after giving birth at home was preventable and warned that it is not an isolated incident, as barriers to access to sexual and reproductive health services are costing lives. The girl [&hellip;]<\/p>\n","protected":false},"author":133543,"featured_media":478163,"comment_status":"open","ping_status":"open","sticky":false,"template":"","format":"standard","meta":{"_acf_changed":false,"_jetpack_newsletter_access":"","_jetpack_dont_email_post_to_subs":false,"_jetpack_newsletter_tier_id":0,"_jetpack_memberships_contains_paywalled_content":false,"_jetpack_memberships_contains_paid_content":false,"footnotes":"","_members_access_role":[],"_members_access_error":""},"categories":[95],"tags":[],"class_list":["post-478161","post","type-post","status-publish","format-standard","has-post-thumbnail","category-international"],"acf":[],"jetpack_sharing_enabled":true,"jetpack_shortlink":"https:\/\/wp.me\/phj1q1-20oh","jetpack_featured_media_url":"https:\/\/deultimominuto.com\/en\/wp-content\/uploads\/sites\/2\/2025\/08\/unicef-alabo-procedimiento-migratorio-instaurado-por-ecuador_258694.jpg","dum_api":{"author_name":"Carolina \u00c1lvarez","author_image":"https:\/\/deultimominuto.com\/wp-content\/uploads\/2026\/05\/cropped-WhatsApp-Image-2026-05-26-at-5.31.57-PM-96x96.jpeg","categories_name":["International"],"featured_media_url":"https:\/\/cdn.deultimominuto.com\/en\/wp-content\/uploads\/sites\/2\/2025\/08\/unicef-alabo-procedimiento-migratorio-instaurado-por-ecuador_258694.jpg"},"_links":{"self":[{"href":"https:\/\/deultimominuto.com\/en\/wp-json\/wp\/v2\/posts\/478161","targetHints":{"allow":["GET"]}}],"collection":[{"href":"https:\/\/deultimominuto.com\/en\/wp-json\/wp\/v2\/posts"}],"about":[{"href":"https:\/\/deultimominuto.com\/en\/wp-json\/wp\/v2\/types\/post"}],"author":[{"embeddable":true,"href":"https:\/\/deultimominuto.com\/en\/wp-json\/wp\/v2\/users\/133543"}],"replies":[{"embeddable":true,"href":"https:\/\/deultimominuto.com\/en\/wp-json\/wp\/v2\/comments?post=478161"}],"version-history":[{"count":0,"href":"https:\/\/deultimominuto.com\/en\/wp-json\/wp\/v2\/posts\/478161\/revisions"}],"wp:featuredmedia":[{"embeddable":true,"href":"https:\/\/deultimominuto.com\/en\/wp-json\/wp\/v2\/media\/478163"}],"wp:attachment":[{"href":"https:\/\/deultimominuto.com\/en\/wp-json\/wp\/v2\/media?parent=478161"}],"wp:term":[{"taxonomy":"category","embeddable":true,"href":"https:\/\/deultimominuto.com\/en\/wp-json\/wp\/v2\/categories?post=478161"},{"taxonomy":"post_tag","embeddable":true,"href":"https:\/\/deultimominuto.com\/en\/wp-json\/wp\/v2\/tags?post=478161"}],"curies":[{"name":"wp","href":"https:\/\/api.w.org\/{rel}","templated":true}]}}