{"id":478433,"date":"2025-08-14T07:22:02","date_gmt":"2025-08-14T11:22:02","guid":{"rendered":"https:\/\/deultimominuto.net\/en\/uncategorized\/public-ministry-views-the-sentence-against-alexis-medina-and-the-antipulpo-case-with-lights-and-shadows\/"},"modified":"2025-08-14T07:22:02","modified_gmt":"2025-08-14T11:22:02","slug":"public-ministry-views-the-sentence-against-alexis-medina-and-the-antipulpo-case-with-lights-and-shadows","status":"publish","type":"post","link":"https:\/\/deultimominuto.com\/en\/dominican-news\/justice\/public-ministry-views-the-sentence-against-alexis-medina-and-the-antipulpo-case-with-lights-and-shadows\/","title":{"rendered":"Public Ministry views the sentence against Alexis Medina and the Antipulpo case with &#8220;lights and shadows&#8221;"},"content":{"rendered":"Santo Domingo.- The Public Ministry (MP) described the sentence of the Second Collegiate Tribunal of the National District as a decision with favorable and unfavorable aspects. The ruling read early this Thursday imposed a sentence of 7 years in prison on Juan Alexis Medina S\u00e1nchez and acquitted other defendants in the case derived from Operation Octopus. The institution announced that it will appeal the acquittals.\n\nThe Attorney General&#8217;s Office highlighted the conviction of Juan Alexis Medina for bribery in commerce and investment, money laundering, use of false documents, and association of wrongdoers. The court also imposed 6 years on Jos\u00e9 Dolores Santana Carmona and 5 years on Wacal Vernabel M\u00e9ndez Pineda, Francisco Ram\u00f3n Brea Morel, Carlos Mart\u00edn Montes de Oca, Rigoberto Alc\u00e1ntara Batista, Paola Mercedes, and V\u00edctor Mat\u00edas Encarnaci\u00f3n (the latter with suspension of the sentence under rules). The seizure of assets was ordered and multiple related companies were sanctioned, in addition to the payment of RD$500 million to the State.\n\nAmong those acquitted are Fernando Rosa, Carmen Magalys Medina S\u00e1nchez, and Freddy Hidalgo. The Public Ministry considers that these acquittals result from an incorrect assessment of the evidence presented and will proceed with the appeal. The full reading of the sentence was scheduled for September 25.\n\n\n<p class=\"wp-block-paragraph\"><strong>You can also read: <a href=\"https:\/\/ab.deultimominuto.net\/nacionales\/justicia\/alexis-medina-condenado\/\" data-type=\"link\" data-id=\"https:\/\/ab.deultimominuto.net\/nacionales\/justicia\/alexis-medina-condenado\/\" target=\"_blank\" rel=\"noopener\">Alexis Medina sentenced to seven years in prison for bribery, money laundering and association of wrongdoers<\/a><\/strong><\/p>\n","protected":false},"excerpt":{"rendered":"<p>Santo Domingo.- The Public Ministry (MP) described the sentence of the Second Collegiate Tribunal of the National District as a decision with favorable and unfavorable aspects. The ruling read early this Thursday imposed a sentence of 7 years in prison on Juan Alexis Medina S\u00e1nchez and acquitted other defendants in the case derived from Operation [&hellip;]<\/p>\n","protected":false},"author":4,"featured_media":478434,"comment_status":"open","ping_status":"open","sticky":false,"template":"","format":"standard","meta":{"_acf_changed":false,"_jetpack_newsletter_access":"","_jetpack_dont_email_post_to_subs":false,"_jetpack_newsletter_tier_id":0,"_jetpack_memberships_contains_paywalled_content":false,"_jetpack_memberships_contains_paid_content":false,"footnotes":"","_members_access_role":[],"_members_access_error":""},"categories":[36952],"tags":[40265],"class_list":["post-478433","post","type-post","status-publish","format-standard","has-post-thumbnail","category-justice","tag-public-ministry"],"acf":[],"jetpack_sharing_enabled":true,"jetpack_shortlink":"https:\/\/wp.me\/phj1q1-20sF","jetpack_featured_media_url":"https:\/\/deultimominuto.com\/en\/wp-content\/uploads\/sites\/2\/2025\/08\/2025-08-13-Fallo-Juicio-Juan-Alexis-Medina-y-Compartes_018-scaled-1.jpg","dum_api":{"author_name":"Redacci\u00f3n De \u00daltimo Minuto","author_image":"https:\/\/deultimominuto.com\/wp-content\/uploads\/2025\/02\/cropped-logo-de-ultimo-minuto-96x96.png","categories_name":["Justice"],"featured_media_url":"https:\/\/cdn.deultimominuto.com\/en\/wp-content\/uploads\/sites\/2\/2025\/08\/2025-08-13-Fallo-Juicio-Juan-Alexis-Medina-y-Compartes_018-scaled-1.jpg"},"_links":{"self":[{"href":"https:\/\/deultimominuto.com\/en\/wp-json\/wp\/v2\/posts\/478433","targetHints":{"allow":["GET"]}}],"collection":[{"href":"https:\/\/deultimominuto.com\/en\/wp-json\/wp\/v2\/posts"}],"about":[{"href":"https:\/\/deultimominuto.com\/en\/wp-json\/wp\/v2\/types\/post"}],"author":[{"embeddable":true,"href":"https:\/\/deultimominuto.com\/en\/wp-json\/wp\/v2\/users\/4"}],"replies":[{"embeddable":true,"href":"https:\/\/deultimominuto.com\/en\/wp-json\/wp\/v2\/comments?post=478433"}],"version-history":[{"count":0,"href":"https:\/\/deultimominuto.com\/en\/wp-json\/wp\/v2\/posts\/478433\/revisions"}],"wp:featuredmedia":[{"embeddable":true,"href":"https:\/\/deultimominuto.com\/en\/wp-json\/wp\/v2\/media\/478434"}],"wp:attachment":[{"href":"https:\/\/deultimominuto.com\/en\/wp-json\/wp\/v2\/media?parent=478433"}],"wp:term":[{"taxonomy":"category","embeddable":true,"href":"https:\/\/deultimominuto.com\/en\/wp-json\/wp\/v2\/categories?post=478433"},{"taxonomy":"post_tag","embeddable":true,"href":"https:\/\/deultimominuto.com\/en\/wp-json\/wp\/v2\/tags?post=478433"}],"curies":[{"name":"wp","href":"https:\/\/api.w.org\/{rel}","templated":true}]}}