{"id":478456,"date":"2025-08-14T08:27:37","date_gmt":"2025-08-14T12:27:37","guid":{"rendered":"https:\/\/deultimominuto.net\/en\/uncategorized\/guido-gomez-mazara-makes-fun-of-his-brother-fabricio-by-congratulating-him-on-his-birthday\/"},"modified":"2025-08-14T08:27:37","modified_gmt":"2025-08-14T12:27:37","slug":"guido-gomez-mazara-makes-fun-of-his-brother-fabricio-by-congratulating-him-on-his-birthday","status":"publish","type":"post","link":"https:\/\/deultimominuto.com\/en\/dominican-news\/guido-gomez-mazara-makes-fun-of-his-brother-fabricio-by-congratulating-him-on-his-birthday\/","title":{"rendered":"Guido G\u00f3mez Mazara makes fun of his brother Fabricio by congratulating him on his birthday"},"content":{"rendered":"Santo Domingo.- Political leader Guido G\u00f3mez Mazara published a message on the <a href=\"https:\/\/x.com\/ggomezmazara\/status\/1955625192128237757\" data-type=\"link\" data-id=\"https:\/\/x.com\/ggomezmazara\/status\/1955625192128237757\">social network X (formerly Twitter)<\/a> to congratulate his brother Fabricio G\u00f3mez Mazara on his birthday, using a joking tone in his publication.\n\nIn the text, Guido alludes to the supposed adoption gesture by Carmen Mazara, stating: &#8220;Congratulations, Fabricio. And always remember Carmen Mazara&#8217;s gesture of solidarity, adopting you and demonstrating her enormous sensitivity in giving you the surnames G\u00f3mez Mazara.&#8221;\n\n\n<figure class=\"wp-block-embed is-type-rich is-provider-twitter wp-block-embed-twitter\"><div class=\"wp-block-embed__wrapper\">\n<blockquote class=\"twitter-tweet\" data-width=\"550\" data-dnt=\"true\"><p lang=\"es\" dir=\"ltr\">Felicidades, Fabricio. Y siempre recordar el gesto de solidaridad de Carmen Mazara, adopt\u00e1ndote y demostrando su enorme sensibilidad de darte los apellidos G\u00f3mez Mazara. Despu\u00e9s de tantos a\u00f1os, Marinelle y yo, te asumimos 100%. Llegar a 60 a\u00f1os\ud83e\udd23no ha sido una tarea f\u00e1cil. \ud83d\ude4f <a href=\"https:\/\/t.co\/EoOeuCV8Uv\">pic.twitter.com\/EoOeuCV8Uv<\/a><\/p>&mdash; Guido G\u00f3mez Mazara (@ggomezmazara) <a href=\"https:\/\/x.com\/ggomezmazara\/status\/1955625192128237757?ref_src=twsrc%5Etfw\">August 13, 2025<\/a><\/blockquote><script async src=\"https:\/\/platform.x.com\/widgets.js\" charset=\"utf-8\"><\/script>\n<\/div><\/figure>\n\n\nAdd that both he and his sister Marinelle have taken him as part of the family: &#8220;After so many years, Marinelle and I, we take you 100%&#8221;. End the message with a reference to his brother&#8217;s age: &#8220;Reaching 60 years\ud83e\udd23has not been an easy task. \ud83d\ude4f&#8221;.\n\nThe publication generated diverse reactions among the users of the social network, who commented on the familiar and sarcastic tone of the message.\n\n\n<figure class=\"wp-block-image size-large\"><img decoding=\"async\" src=\"https:\/\/ab.deultimominuto.net\/wp-content\/uploads\/2025\/08\/Captura-de-pantalla-2025-08-14-a-las-8.20.21\u202fa.-m-919x1024.jpg\" alt=\"\" class=\"wp-image-515735\" title=\"\"><\/figure>\n","protected":false},"excerpt":{"rendered":"<p>Santo Domingo.- Political leader Guido G\u00f3mez Mazara published a message on the social network X (formerly Twitter) to congratulate his brother Fabricio G\u00f3mez Mazara on his birthday, using a joking tone in his publication. In the text, Guido alludes to the supposed adoption gesture by Carmen Mazara, stating: &#8220;Congratulations, Fabricio. And always remember Carmen Mazara&#8217;s [&hellip;]<\/p>\n","protected":false},"author":4,"featured_media":478458,"comment_status":"open","ping_status":"open","sticky":false,"template":"","format":"standard","meta":{"_acf_changed":false,"_jetpack_newsletter_access":"","_jetpack_dont_email_post_to_subs":false,"_jetpack_newsletter_tier_id":0,"_jetpack_memberships_contains_paywalled_content":false,"_jetpack_memberships_contains_paid_content":false,"footnotes":"","_members_access_role":[],"_members_access_error":""},"categories":[40216],"tags":[29892,18036],"class_list":["post-478456","post","type-post","status-publish","format-standard","has-post-thumbnail","category-dominican-news","tag-fabricio-gomez-mazara","tag-guido-gomez-mazara"],"acf":[],"jetpack_sharing_enabled":true,"jetpack_shortlink":"https:\/\/wp.me\/phj1q1-20t2","jetpack_featured_media_url":"https:\/\/deultimominuto.com\/en\/wp-content\/uploads\/sites\/2\/2025\/08\/Copia-de-israel.jpg","dum_api":{"author_name":"Redacci\u00f3n De \u00daltimo Minuto","author_image":"https:\/\/deultimominuto.com\/wp-content\/uploads\/2025\/02\/cropped-logo-de-ultimo-minuto-96x96.png","categories_name":["Dominican News"],"featured_media_url":"https:\/\/cdn.deultimominuto.com\/en\/wp-content\/uploads\/sites\/2\/2025\/08\/Copia-de-israel.jpg"},"_links":{"self":[{"href":"https:\/\/deultimominuto.com\/en\/wp-json\/wp\/v2\/posts\/478456","targetHints":{"allow":["GET"]}}],"collection":[{"href":"https:\/\/deultimominuto.com\/en\/wp-json\/wp\/v2\/posts"}],"about":[{"href":"https:\/\/deultimominuto.com\/en\/wp-json\/wp\/v2\/types\/post"}],"author":[{"embeddable":true,"href":"https:\/\/deultimominuto.com\/en\/wp-json\/wp\/v2\/users\/4"}],"replies":[{"embeddable":true,"href":"https:\/\/deultimominuto.com\/en\/wp-json\/wp\/v2\/comments?post=478456"}],"version-history":[{"count":0,"href":"https:\/\/deultimominuto.com\/en\/wp-json\/wp\/v2\/posts\/478456\/revisions"}],"wp:featuredmedia":[{"embeddable":true,"href":"https:\/\/deultimominuto.com\/en\/wp-json\/wp\/v2\/media\/478458"}],"wp:attachment":[{"href":"https:\/\/deultimominuto.com\/en\/wp-json\/wp\/v2\/media?parent=478456"}],"wp:term":[{"taxonomy":"category","embeddable":true,"href":"https:\/\/deultimominuto.com\/en\/wp-json\/wp\/v2\/categories?post=478456"},{"taxonomy":"post_tag","embeddable":true,"href":"https:\/\/deultimominuto.com\/en\/wp-json\/wp\/v2\/tags?post=478456"}],"curies":[{"name":"wp","href":"https:\/\/api.w.org\/{rel}","templated":true}]}}