{"id":479058,"date":"2025-08-18T17:55:07","date_gmt":"2025-08-18T21:55:07","guid":{"rendered":"https:\/\/deultimominuto.net\/en\/uncategorized\/abinader-tells-danilo-that-he-should-feel-humiliated-for-not-carrying-out-valuable-works-in-san-juan\/"},"modified":"2025-08-18T17:57:31","modified_gmt":"2025-08-18T21:57:31","slug":"abinader-tells-danilo-that-he-should-feel-humiliated-for-not-carrying-out-valuable-works-in-san-juan","status":"publish","type":"post","link":"https:\/\/deultimominuto.com\/en\/dominican-news\/abinader-tells-danilo-that-he-should-feel-humiliated-for-not-carrying-out-valuable-works-in-san-juan\/","title":{"rendered":"Abinader tells Danilo that he should feel humiliated for not carrying out valuable works in San Juan"},"content":{"rendered":"<strong>Santo Domingo<\/strong>. &#8211; President <strong>Luis Abinader<\/strong> responded this Monday to former president Danilo Medina, who stated that he would not attend a debate with him to discuss government works of both administrations <strong>&#8220;so as not to humiliate him.&#8221;<\/strong>\n\nIn that sense, during LA Semanal, the head of state stated that perhaps Medina should feel humiliated for not carrying out valuable works in his native province, mentioning the free zone carried out in his government.\n\n<strong>You may be interested in:<\/strong> <a href=\"http:\/\/Abinader llenar\u00e1 vacantes y har\u00e1 nuevas designaciones en los pr\u00f3ximos d\u00edas\">http:\/\/Abinader llenar\u00e1 vacantes y har\u00e1 nuevas designaciones en los pr\u00f3ximos d\u00edas<\/a>\n\n\n<p class=\"wp-block-paragraph\">Regarding this work, Abinader maintained that it has been a driving force for job creation in that locality, specifying that an airport is also being built.<\/p>\n\n\n\n<h2 class=\"wp-block-heading\"><strong>What Danilo Said<\/strong><\/h2>\n\n\nWhen approached by the press, Medina expressed that in his opinion, a sitting president &#8220;should not be humiliated&#8221; and that these types of discussions are held during election campaigns, and neither of them is a candidate.\n\n&#8220;It&#8217;s that I would have to humiliate him and I understand that a sitting president is not humiliated, that can only be done in an electoral campaign debate and he is not a candidate nor am I, so there is no possible comparison between what President Abinader has done and what the Dominican Liberation Party (PLD) has done,&#8221; he said.\n\nHe added that the current government has neglected to follow the indicator plan that he left upon leaving the Presidential Palace, to continue with the construction of power plants to supply the demands of that sector.\n\nIn addition to this, the also president of the PLD maintained that they have allowed the rise in the price of energy, which obliges the distribution companies to acquire the most expensive energy than in his government.","protected":false},"excerpt":{"rendered":"<p>Santo Domingo. &#8211; President Luis Abinader responded this Monday to former president Danilo Medina, who stated that he would not attend a debate with him to discuss government works of both administrations &#8220;so as not to humiliate him.&#8221; In that sense, during LA Semanal, the head of state stated that perhaps Medina should feel humiliated [&hellip;]<\/p>\n","protected":false},"author":27,"featured_media":479059,"comment_status":"open","ping_status":"open","sticky":false,"template":"","format":"standard","meta":{"_acf_changed":false,"_jetpack_newsletter_access":"","_jetpack_dont_email_post_to_subs":false,"_jetpack_newsletter_tier_id":0,"_jetpack_memberships_contains_paywalled_content":false,"_jetpack_memberships_contains_paid_content":false,"footnotes":"","_members_access_role":[],"_members_access_error":""},"categories":[40216],"tags":[14156,21],"class_list":["post-479058","post","type-post","status-publish","format-standard","has-post-thumbnail","category-dominican-news","tag-danilo-medina","tag-luis-abinader"],"acf":[],"jetpack_sharing_enabled":true,"jetpack_shortlink":"https:\/\/wp.me\/phj1q1-20CK","jetpack_featured_media_url":"https:\/\/deultimominuto.com\/en\/wp-content\/uploads\/sites\/2\/2025\/08\/685d813da7580.r_d.170-636.jpeg","dum_api":{"author_name":"Arelis Suero","author_image":"https:\/\/deultimominuto.com\/wp-content\/uploads\/2024\/03\/cropped-cropped-Diseno-sin-titulo-41-96x96.jpg","categories_name":["Dominican News"],"featured_media_url":"https:\/\/cdn.deultimominuto.com\/en\/wp-content\/uploads\/sites\/2\/2025\/08\/685d813da7580.r_d.170-636.jpeg"},"_links":{"self":[{"href":"https:\/\/deultimominuto.com\/en\/wp-json\/wp\/v2\/posts\/479058","targetHints":{"allow":["GET"]}}],"collection":[{"href":"https:\/\/deultimominuto.com\/en\/wp-json\/wp\/v2\/posts"}],"about":[{"href":"https:\/\/deultimominuto.com\/en\/wp-json\/wp\/v2\/types\/post"}],"author":[{"embeddable":true,"href":"https:\/\/deultimominuto.com\/en\/wp-json\/wp\/v2\/users\/27"}],"replies":[{"embeddable":true,"href":"https:\/\/deultimominuto.com\/en\/wp-json\/wp\/v2\/comments?post=479058"}],"version-history":[{"count":0,"href":"https:\/\/deultimominuto.com\/en\/wp-json\/wp\/v2\/posts\/479058\/revisions"}],"wp:featuredmedia":[{"embeddable":true,"href":"https:\/\/deultimominuto.com\/en\/wp-json\/wp\/v2\/media\/479059"}],"wp:attachment":[{"href":"https:\/\/deultimominuto.com\/en\/wp-json\/wp\/v2\/media?parent=479058"}],"wp:term":[{"taxonomy":"category","embeddable":true,"href":"https:\/\/deultimominuto.com\/en\/wp-json\/wp\/v2\/categories?post=479058"},{"taxonomy":"post_tag","embeddable":true,"href":"https:\/\/deultimominuto.com\/en\/wp-json\/wp\/v2\/tags?post=479058"}],"curies":[{"name":"wp","href":"https:\/\/api.w.org\/{rel}","templated":true}]}}