{"id":479422,"date":"2025-08-20T17:20:27","date_gmt":"2025-08-20T21:20:27","guid":{"rendered":"https:\/\/deultimominuto.net\/en\/uncategorized\/domingo-del-pilar-returns-to-direct-the-press-of-the-telemicro-group\/"},"modified":"2025-08-20T17:30:18","modified_gmt":"2025-08-20T21:30:18","slug":"domingo-del-pilar-is-appointed-as-press-director-of-grupo-telemicro","status":"publish","type":"post","link":"https:\/\/deultimominuto.com\/en\/dominican-news\/domingo-del-pilar-is-appointed-as-press-director-of-grupo-telemicro\/","title":{"rendered":"Domingo Del Pilar is appointed as press director of Grupo Telemicro"},"content":{"rendered":"<strong>Santo Domingo<\/strong>.\u2013 Journalist Domingo Del Pilar was reappointed as general director of Press for the Telemicro Group media, replacing Alberto Caminero, who moved to a position in the Presidency of the Republic.\n\nThe announcement was made by the president of the Telemicro Group, Juan Ram\u00f3n G\u00f3mez D\u00edaz, during an event held in the newsroom of the television station, where he highlighted both Del Pilar&#8217;s professional and human qualities, as well as the work carried out by Caminero at the head of the department in recent years.\n\nIn addition to his managerial role, Del Pilar will continue as a panelist on the morning show, which airs daily on Telemicro, channel 5, and as co-host of the program En Contacto, broadcast every Sunday at 6:00 p.m. on Telecentro, channel 13.\n\n\n<h6 class=\"wp-block-heading\"><strong>You can also read: <a href=\"https:\/\/ab.deultimominuto.net\/entretenimiento\/casados-en-caos-celebrities\/\" target=\"_blank\" rel=\"noopener\"> <\/a><a href=\"https:\/\/ab.deultimominuto.net\/estilo\/venier-atelier-deslumbra\/\" target=\"_blank\" rel=\"noopener\">Venier Atelier dazzles at Santo Domingo Moda<\/a><\/strong><\/h6>\n\n\nThe veteran communicator had already held the same position between 2009 and 2017. During that period, he participated in the production and hosting of programs such as <em>Matinal, Objetivo 5, Doble Cara<\/em> and <em>Lo \u00daltimo<\/em>. Previously, he worked for 22 years at the newspaper <strong>El Nacional<\/strong>, where he served as editor-in-chief for the last 13 years.\n\nIn the institutional sphere, he was in charge of Communications for the Dominican Federation of Municipalities (FEDOMU) between 2019 and 2020 and Director of Strategic Communications for the Ministry of Energy and Mines from 2020 to 2024.\n\nDel Pilar is a graduate of Social Communication from the Universidad Aut\u00f3noma de Santo Domingo (<a href=\"https:\/\/uasd.edu.do\/\" data-type=\"link\" data-id=\"https:\/\/uasd.edu.do\/\" target=\"_blank\" rel=\"noopener\">UASD<\/a>) and has completed multiple professional training programs. He is the founder and director of the digital media alacechord.com.\n\nThroughout his career, he has received various recognitions, including the Order of Merit of Duarte, S\u00e1nchez and Mella in the degree of Knight, awarded by the Executive Branch in 2006 on the occasion of Journalist&#8217;s Day.\n\n\n<p class=\"wp-block-paragraph\"><\/p>\n","protected":false},"excerpt":{"rendered":"<p>Santo Domingo.\u2013 Journalist Domingo Del Pilar was reappointed as general director of Press for the Telemicro Group media, replacing Alberto Caminero, who moved to a position in the Presidency of the Republic. The announcement was made by the president of the Telemicro Group, Juan Ram\u00f3n G\u00f3mez D\u00edaz, during an event held in the newsroom of [&hellip;]<\/p>\n","protected":false},"author":133543,"featured_media":479424,"comment_status":"open","ping_status":"open","sticky":false,"template":"","format":"standard","meta":{"_acf_changed":false,"_jetpack_newsletter_access":"","_jetpack_dont_email_post_to_subs":false,"_jetpack_newsletter_tier_id":0,"_jetpack_memberships_contains_paywalled_content":false,"_jetpack_memberships_contains_paid_content":false,"footnotes":"","_members_access_role":[],"_members_access_error":""},"categories":[40216],"tags":[13841],"class_list":["post-479422","post","type-post","status-publish","format-standard","has-post-thumbnail","category-dominican-news","tag-telemicro"],"acf":[],"jetpack_sharing_enabled":true,"jetpack_shortlink":"https:\/\/wp.me\/phj1q1-20IC","jetpack_featured_media_url":"https:\/\/deultimominuto.com\/en\/wp-content\/uploads\/sites\/2\/2025\/08\/R-1.jpg","dum_api":{"author_name":"Carolina \u00c1lvarez","author_image":"https:\/\/deultimominuto.com\/wp-content\/uploads\/2026\/05\/cropped-WhatsApp-Image-2026-05-26-at-5.31.57-PM-96x96.jpeg","categories_name":["Dominican News"],"featured_media_url":"https:\/\/cdn.deultimominuto.com\/en\/wp-content\/uploads\/sites\/2\/2025\/08\/R-1.jpg"},"_links":{"self":[{"href":"https:\/\/deultimominuto.com\/en\/wp-json\/wp\/v2\/posts\/479422","targetHints":{"allow":["GET"]}}],"collection":[{"href":"https:\/\/deultimominuto.com\/en\/wp-json\/wp\/v2\/posts"}],"about":[{"href":"https:\/\/deultimominuto.com\/en\/wp-json\/wp\/v2\/types\/post"}],"author":[{"embeddable":true,"href":"https:\/\/deultimominuto.com\/en\/wp-json\/wp\/v2\/users\/133543"}],"replies":[{"embeddable":true,"href":"https:\/\/deultimominuto.com\/en\/wp-json\/wp\/v2\/comments?post=479422"}],"version-history":[{"count":0,"href":"https:\/\/deultimominuto.com\/en\/wp-json\/wp\/v2\/posts\/479422\/revisions"}],"wp:featuredmedia":[{"embeddable":true,"href":"https:\/\/deultimominuto.com\/en\/wp-json\/wp\/v2\/media\/479424"}],"wp:attachment":[{"href":"https:\/\/deultimominuto.com\/en\/wp-json\/wp\/v2\/media?parent=479422"}],"wp:term":[{"taxonomy":"category","embeddable":true,"href":"https:\/\/deultimominuto.com\/en\/wp-json\/wp\/v2\/categories?post=479422"},{"taxonomy":"post_tag","embeddable":true,"href":"https:\/\/deultimominuto.com\/en\/wp-json\/wp\/v2\/tags?post=479422"}],"curies":[{"name":"wp","href":"https:\/\/api.w.org\/{rel}","templated":true}]}}