{"id":479478,"date":"2025-08-20T22:00:41","date_gmt":"2025-08-21T02:00:41","guid":{"rendered":"https:\/\/deultimominuto.net\/en\/uncategorized\/punta-cana-airport-receives-the-best-of-dr-2025-award-from-mercado-magazine\/"},"modified":"2025-08-20T22:11:49","modified_gmt":"2025-08-21T02:11:49","slug":"punta-cana-airport-receives-the-best-of-dr-2025-award-from-mercado-magazine","status":"publish","type":"post","link":"https:\/\/deultimominuto.com\/en\/style\/punta-cana-airport-receives-the-best-of-dr-2025-award-from-mercado-magazine\/","title":{"rendered":"Punta Cana Airport receives &#8220;The Best of DR 2025&#8221; award from Mercado Magazine"},"content":{"rendered":"<strong>La Altagracia.- <\/strong>Punta Cana Airport (<a href=\"https:\/\/www.punta-cana-airport.com\/\" data-type=\"link\" data-id=\"https:\/\/www.punta-cana-airport.com\/\" target=\"_blank\" rel=\"noopener\">PUJ<\/a>) was awarded the &#8220;The Best of DR 2025&#8221; award as Travel Experience in the &#8220;Services&#8221; category, an award that places the airport as one of the most influential organizations in the country.\n\nThe award, which has been presented by Revista Mercado for 17 years, was given by Sarah De Moya, Sales Director of <a href=\"https:\/\/revistamercado.do\/\" data-type=\"link\" data-id=\"https:\/\/revistamercado.do\/\" target=\"_blank\" rel=\"noopener\">Mercado <\/a>Media Network, and received by Giovanni Rainieri, Airside Operations Director of the Airport.\n\nThe PUJ award is part of the special edition of &#8220;The Best of DR&#8221; (Lo Mejor de RD), from Revista Mercado, a publication in which the editors highlight the best market offer within the editorial axes, such as gastronomy, entertainment, art and culture, shopping and fashion, sports, business and services.\n\n\n<blockquote class=\"wp-block-quote is-layout-flow wp-block-quote-is-layout-flow\">\n<p class=\"wp-block-paragraph\">\u201cThanks to our collaborators for their dedication and to our passengers for allowing us to be part of their trips. This award is a commitment to continue connecting their dreams with our future,\u201d said Giovanni Rainieri, Airside Operations Director of the Airport.<\/p>\n<\/blockquote>\n\n\nThis year 2025, <em>The Best of DR<\/em> celebrated the trajectory of the protagonists, who, &#8220;with their mark have contributed to making the Dominican Republic a country with a very high quality offer in all areas of our editorial content,&#8221; explained the organizers.\n\n\n<figure class=\"wp-block-pullquote\"><blockquote><p>\u201cEste es un encuentro donde reunimos a los protagonistas detr\u00e1s de los proyectos que marcan la diferencia y generan valiosos aportes a la sociedad dominicana. La celebraci\u00f3n destaca el talento dominicano que brilla dentro y fuera de las fronteras del pa\u00eds. Hombres y mujeres que inspiran, influyen e impactan a trav\u00e9s de sus trabajos y trayectorias, haciendo de la Rep\u00fablica Dominicana un pa\u00eds con una oferta \u00fanica que nos distingue y nos llena de orgullo\u201d,<\/p><cite> concluyeron los organizadores.<\/cite><\/blockquote><\/figure>\n\n\n\n<h6 class=\"wp-block-heading\"><strong>About Punta Cana Airport (PUJ)<\/strong><\/h6>\n\n\nOpened in 1983, it is the first private aerodrome for international commercial use in the world, handling 68% of air traffic in the Dominican Republic.\n\n\n<h6 class=\"wp-block-heading\"><strong>You can also read: <a href=\"https:\/\/ab.deultimominuto.net\/nacionales\/autoridades-dominicanas-entregan-a-haiti-a-exfuncionaria-detenida-en-aeropuerto-de-puerto-plata\/\" target=\"_blank\" rel=\"noopener\">Dominican authorities hand over to Haiti a former official arrested at Puerto Plata airport | De \u00daltimo Minuto<\/a><\/strong><\/h6>\n\n\nIt is also the one with the most connectivity in the Caribbean, linking 75 cities and 34 countries through 58 airlines, and it is the first airport in the country to obtain the record of 9 million passengers in transit.&nbsp;\n\nThe Punta Cana Airport has 33 boarding gates, 38 aircraft parking spaces, and 7 VIP lounges. It has its own Recycling and Incineration Center, where 60% percent of the waste it generates is recycled.\n\nIt has been awarded for eight consecutive years with the Airport Service Quality (ASQ) award, granted by the Airports Council International (ACI), as &#8220;Best Airport by Size and Region&#8221; in the category of 5 to 15 million passengers per year in the Caribbean and Latin America, placing it among the best airports in the world, based on the experience of travelers.\n\n\n<figure class=\"wp-block-gallery has-nested-images columns-default is-cropped wp-block-gallery-1 is-layout-flex wp-block-gallery-is-layout-flex\">\n<figure class=\"wp-block-image size-large\"><img decoding=\"async\" data-id=\"519877\" src=\"https:\/\/ab.deultimominuto.net\/wp-content\/uploads\/2025\/08\/The-Best-of-DR-2025-1024x577.jpg\" alt=\"\" class=\"wp-image-519877\" title=\"\"><\/figure>\n<\/figure>\n","protected":false},"excerpt":{"rendered":"<p>La Altagracia.- Punta Cana Airport (PUJ) was awarded the &#8220;The Best of DR 2025&#8221; award as Travel Experience in the &#8220;Services&#8221; category, an award that places the airport as one of the most influential organizations in the country. The award, which has been presented by Revista Mercado for 17 years, was given by Sarah De [&hellip;]<\/p>\n","protected":false},"author":133543,"featured_media":479481,"comment_status":"open","ping_status":"open","sticky":false,"template":"","format":"standard","meta":{"_acf_changed":false,"_jetpack_newsletter_access":"","_jetpack_dont_email_post_to_subs":false,"_jetpack_newsletter_tier_id":0,"_jetpack_memberships_contains_paywalled_content":false,"_jetpack_memberships_contains_paid_content":false,"footnotes":"","_members_access_role":[],"_members_access_error":""},"categories":[7],"tags":[],"class_list":["post-479478","post","type-post","status-publish","format-standard","has-post-thumbnail","category-style"],"acf":[],"jetpack_sharing_enabled":true,"jetpack_shortlink":"https:\/\/wp.me\/phj1q1-20Jw","jetpack_featured_media_url":"https:\/\/deultimominuto.com\/en\/wp-content\/uploads\/sites\/2\/2025\/08\/Aeropuerto-Internacional-de-Punta-Cana.jpg","dum_api":{"author_name":"Carolina \u00c1lvarez","author_image":"https:\/\/deultimominuto.com\/wp-content\/uploads\/2026\/05\/cropped-WhatsApp-Image-2026-05-26-at-5.31.57-PM-96x96.jpeg","categories_name":["Style"],"featured_media_url":"https:\/\/cdn.deultimominuto.com\/en\/wp-content\/uploads\/sites\/2\/2025\/08\/Aeropuerto-Internacional-de-Punta-Cana.jpg"},"_links":{"self":[{"href":"https:\/\/deultimominuto.com\/en\/wp-json\/wp\/v2\/posts\/479478","targetHints":{"allow":["GET"]}}],"collection":[{"href":"https:\/\/deultimominuto.com\/en\/wp-json\/wp\/v2\/posts"}],"about":[{"href":"https:\/\/deultimominuto.com\/en\/wp-json\/wp\/v2\/types\/post"}],"author":[{"embeddable":true,"href":"https:\/\/deultimominuto.com\/en\/wp-json\/wp\/v2\/users\/133543"}],"replies":[{"embeddable":true,"href":"https:\/\/deultimominuto.com\/en\/wp-json\/wp\/v2\/comments?post=479478"}],"version-history":[{"count":0,"href":"https:\/\/deultimominuto.com\/en\/wp-json\/wp\/v2\/posts\/479478\/revisions"}],"wp:featuredmedia":[{"embeddable":true,"href":"https:\/\/deultimominuto.com\/en\/wp-json\/wp\/v2\/media\/479481"}],"wp:attachment":[{"href":"https:\/\/deultimominuto.com\/en\/wp-json\/wp\/v2\/media?parent=479478"}],"wp:term":[{"taxonomy":"category","embeddable":true,"href":"https:\/\/deultimominuto.com\/en\/wp-json\/wp\/v2\/categories?post=479478"},{"taxonomy":"post_tag","embeddable":true,"href":"https:\/\/deultimominuto.com\/en\/wp-json\/wp\/v2\/tags?post=479478"}],"curies":[{"name":"wp","href":"https:\/\/api.w.org\/{rel}","templated":true}]}}