{"id":479536,"date":"2025-08-21T08:55:52","date_gmt":"2025-08-21T12:55:52","guid":{"rendered":"https:\/\/deultimominuto.net\/en\/uncategorized\/san-cristobal-chamber-of-commerce-begins-marketing-spaces-for-expo-constitucion-2025\/"},"modified":"2025-08-21T08:55:52","modified_gmt":"2025-08-21T12:55:52","slug":"san-cristobal-chamber-of-commerce-begins-marketing-spaces-for-expo-constitucion-2025","status":"publish","type":"post","link":"https:\/\/deultimominuto.com\/en\/dominican-news\/san-cristobal-chamber-of-commerce-begins-marketing-spaces-for-expo-constitucion-2025\/","title":{"rendered":"San Crist\u00f3bal Chamber of Commerce begins marketing spaces for Expo Constituci\u00f3n 2025"},"content":{"rendered":"<strong>San Crist\u00f3bal, R.D.- <\/strong>The Chamber of Commerce and Production of San <a href=\"https:\/\/ab.deultimominuto.net\/nacionales\/preocupacion-asaltos-sc\/\" target=\"_blank\" rel=\"noopener\">Crist\u00f3bal <\/a>held a launch cocktail this Wednesday to formally begin the commercialization of the spaces that will make up the next edition of the Multisectoral Fair Expo Constituci\u00f3n 2025, which will be held from November 20 to 23 in this city.\n\nThe event, held with the participation of entrepreneurs, merchants, entrepreneurs, and the general public, aimed to present the details about the rental of the available spaces, as well as the benefits for the exhibitors who join this important business platform and learn about the new ways of doing business.\n\n\n<h3 class=\"wp-block-heading\"><strong>Read more: <a href=\"https:\/\/ab.deultimominuto.net\/nacionales\/camara-de-comercio-codigo-penal\/\" data-type=\"post\" data-id=\"510750\" target=\"_blank\" rel=\"noopener\">San Crist\u00f3bal Chamber of Commerce and Production values promulgation of the new Penal Code<\/a><\/strong><\/h3>\n\n\nDuring the activity, the president of the Chamber of Commerce, V\u00edctor Ram\u00f3n Mont\u00e1s, highlighted the impact that this edition of the fair will have, stating: &#8220;Everything is ready for a Constitution Expo that will mark a before and after in the way of doing business in San Crist\u00f3bal. We invite all productive sectors to be part of this great experience.&#8221;\n\nAlong with Mont\u00e1s, Osian Santana, fair president; Mayuri Hidalgo, president of the Events Commission; and Alfonso Ramos, permanent advisor to the entity, also offered key details of the event.\n\nSantana explained that the prices of commercial spaces for rent will range between RD$30,000 and RD$75,000, depending on the size and location inside or outside the Auditorio Mayor of the Instituto Polit\u00e9cnico Loyola, where the traditional fair will be held.\n\nSimilarly, Mayuri Hidalgo pointed out that within the 140 available spaces, a significant number have been allocated with special rates for entrepreneurs, who will be able to access spaces from RD$20,000, as a way to promote local economic development.\n\nIn addition, an exclusive benefit for Chamber members was announced: a discount of up to 15% for early payment on the rental of spaces.\n\nExpo Constituci\u00f3n 2025 promises to be a comprehensive platform for the promotion of trade, innovation, and connection between productive sectors, positioning itself as the main multisectoral event in the province of San Crist\u00f3bal.","protected":false},"excerpt":{"rendered":"<p>San Crist\u00f3bal, R.D.- The Chamber of Commerce and Production of San Crist\u00f3bal held a launch cocktail this Wednesday to formally begin the commercialization of the spaces that will make up the next edition of the Multisectoral Fair Expo Constituci\u00f3n 2025, which will be held from November 20 to 23 in this city. The event, held [&hellip;]<\/p>\n","protected":false},"author":4,"featured_media":479537,"comment_status":"open","ping_status":"open","sticky":false,"template":"","format":"standard","meta":{"_acf_changed":false,"_jetpack_newsletter_access":"","_jetpack_dont_email_post_to_subs":false,"_jetpack_newsletter_tier_id":0,"_jetpack_memberships_contains_paywalled_content":false,"_jetpack_memberships_contains_paid_content":false,"footnotes":"","_members_access_role":[],"_members_access_error":""},"categories":[40216],"tags":[40882,41460,14877],"class_list":["post-479536","post","type-post","status-publish","format-standard","has-post-thumbnail","category-dominican-news","tag-event","tag-production","tag-san-cristobal"],"acf":[],"jetpack_sharing_enabled":true,"jetpack_shortlink":"https:\/\/wp.me\/phj1q1-20Ks","jetpack_featured_media_url":"https:\/\/deultimominuto.com\/en\/wp-content\/uploads\/sites\/2\/2025\/08\/WhatsApp-Image-2025-08-21-at-5.06.13-AM.jpeg","dum_api":{"author_name":"Redacci\u00f3n De \u00daltimo Minuto","author_image":"https:\/\/deultimominuto.com\/wp-content\/uploads\/2025\/02\/cropped-logo-de-ultimo-minuto-96x96.png","categories_name":["Dominican News"],"featured_media_url":"https:\/\/cdn.deultimominuto.com\/en\/wp-content\/uploads\/sites\/2\/2025\/08\/WhatsApp-Image-2025-08-21-at-5.06.13-AM.jpeg"},"_links":{"self":[{"href":"https:\/\/deultimominuto.com\/en\/wp-json\/wp\/v2\/posts\/479536","targetHints":{"allow":["GET"]}}],"collection":[{"href":"https:\/\/deultimominuto.com\/en\/wp-json\/wp\/v2\/posts"}],"about":[{"href":"https:\/\/deultimominuto.com\/en\/wp-json\/wp\/v2\/types\/post"}],"author":[{"embeddable":true,"href":"https:\/\/deultimominuto.com\/en\/wp-json\/wp\/v2\/users\/4"}],"replies":[{"embeddable":true,"href":"https:\/\/deultimominuto.com\/en\/wp-json\/wp\/v2\/comments?post=479536"}],"version-history":[{"count":0,"href":"https:\/\/deultimominuto.com\/en\/wp-json\/wp\/v2\/posts\/479536\/revisions"}],"wp:featuredmedia":[{"embeddable":true,"href":"https:\/\/deultimominuto.com\/en\/wp-json\/wp\/v2\/media\/479537"}],"wp:attachment":[{"href":"https:\/\/deultimominuto.com\/en\/wp-json\/wp\/v2\/media?parent=479536"}],"wp:term":[{"taxonomy":"category","embeddable":true,"href":"https:\/\/deultimominuto.com\/en\/wp-json\/wp\/v2\/categories?post=479536"},{"taxonomy":"post_tag","embeddable":true,"href":"https:\/\/deultimominuto.com\/en\/wp-json\/wp\/v2\/tags?post=479536"}],"curies":[{"name":"wp","href":"https:\/\/api.w.org\/{rel}","templated":true}]}}