{"id":479587,"date":"2025-08-21T17:19:46","date_gmt":"2025-08-21T21:19:46","guid":{"rendered":"https:\/\/deultimominuto.net\/en\/uncategorized\/world-voices-and-muy-diferente-group-consolidate-strategic-alliance-in-santiago\/"},"modified":"2025-08-21T17:26:34","modified_gmt":"2025-08-21T21:26:34","slug":"world-voices-and-muy-diferente-group-consolidate-strategic-alliance-in-santiago","status":"publish","type":"post","link":"https:\/\/deultimominuto.com\/en\/style\/world-voices-and-muy-diferente-group-consolidate-strategic-alliance-in-santiago\/","title":{"rendered":"World Voices and Muy Diferente Group consolidate strategic alliance in Santiago"},"content":{"rendered":"<em>The union seeks to directly support the business community in the North zone by offering corporate services with local talent<\/em>.\n\n<strong>Santiago<\/strong>.- The renowned Dominican firms <a href=\"https:\/\/worldvoices.com.do\/\" data-type=\"link\" data-id=\"https:\/\/worldvoices.com.do\/\" target=\"_blank\" rel=\"noopener\">World Voices<\/a> and Muy Diferente Group announced a strategic alliance with the main objective of supporting companies in the Northern region with high-level corporate communication services.\n\nThe meeting, which brought together important personalities and representatives of the business community of Santiago, consolidated the union of two companies that, in addition to sharing the same innovative vision, have shown that it is possible to grow successfully as partners and in marriage, joining efforts to strengthen communication in the country.\n\nThe objective of the agreement is to design, produce, and execute corporate and advertising content, combining the experience of World Voices, with 24 years in the market and a solid reputation in multimedia production, authentic communication, and professional voice, with the creativity and reach of Muy Diferente Group in production and artistic direction.\n\n\n<p class=\"wp-block-paragraph\"><strong>You can also read: <a href=\"https:\/\/ab.deultimominuto.net\/estilo\/turismo\/redescubriendo-el-caribe\/\" target=\"_blank\" rel=\"noopener\">World Wide Travel: rediscovering the Caribbean from RD<\/a><\/strong><\/p>\n\n\nThe union of both firms, led by entrepreneurs and communicators Francisco V\u00e1squez and Reynaldo Infante, who have grown and sustain these companies alongside their wives Mayerling Fern\u00e1ndez and Cinthia Ortiz, respectively, will also offer support and business workshops on communication for executive personnel.\n\nIn addition, they include the conceptualization and production of corporate podcasts and other strategic communication formats, for which an audio recording studio equipped with world-class technology for spoken word production has been installed in the Muy Diferente Group spaces.\n\nIn the activity, Reynaldo Infante argued that with Muy Diferente Group they share values and business vision, which is why he recognizes it as the ideal ally to carry out this project.\n\n\n<figure class=\"wp-block-pullquote\"><blockquote><p>&#8220;Es el aliado indicado. Nos permite estar f\u00edsicamente aqu\u00ed, m\u00e1s cerca de los talentos de la zona norte con los que tenemos a\u00f1os de relaci\u00f3n profesional y de clientes que han confiado en nuestros servicios por a\u00f1os, as\u00ed como poner nuestro granito de arena en la expansi\u00f3n y el crecimiento de Santiago&#8221;,<\/p><cite>agreg\u00f3.<\/cite><\/blockquote><\/figure>\n\n\nFrancisco V\u00e1squez highlighted his commitment to the Ciudad Coraz\u00f3n, to which he continues to contribute his talent and vision for the strengthening of its projection and development.\n\n\n<figure class=\"wp-block-pullquote\"><blockquote><p><br>&#8220;Siempre he sentido una profunda conexi\u00f3n con Santiago y el compromiso permanente de representarla en alto. Esta alianza es otra forma de demostrar que desde aqu\u00ed se pueden hacer cosas grandes, innovadoras y de clase mundial&#8221;, <\/p><cite>expres\u00f3 el locutor.<\/cite><\/blockquote><\/figure>\n\n\nThe studio comprises the most advanced technology for capturing spoken word, such as Neumann microphones, Universal Apollo audio interfaces, Pro Tools Studio audio production software, and a professional recording booth imported from the United States, which meets international standards for recording voice at a professional level, approved by the broadcasting and audiobook industries.\n\nOn the terrace of the Dominican UTESA Convention and Culture Center, where the alliance was formalized, a special tribute was also paid to Ram\u00f3n de Luna, an emblematic figure of Dominican communication, with the presentation of a recognition plaque and the naming of the booth in his honor.\n\nWith this step, World Voices and Muy Diferente Group reaffirm their commitment to the growth of Santiago and the northern region, by directly supporting entrepreneurs in their path of expansion towards global markets, contributing from their experience as international producers, using local talent.\n\n\n<h6 class=\"wp-block-heading\"><strong>About <a href=\"https:\/\/worldvoices.com.do\/\" data-type=\"link\" data-id=\"https:\/\/worldvoices.com.do\/\" target=\"_blank\" rel=\"noopener\">World Voices<\/a><\/strong><\/h6>\n\n\nWorld Voices SRL is an audio production company in multiple formats and languages, with almost 24 years of experience and presence in Santo Domingo and Miami. Its offer includes commercial voiceovers, dubbing into Latin American Spanish, brand sonic or audio logos, audiobooks, audio guides, audio series and podcasts, supported by state-of-the-art technology and a highly specialized team.\n\nThrough training programs like VoxTraining, it has boosted the growth of the voice-over industry in the Dominican Republic, training and projecting numerous Dominican talents to the international market.\n\nAbout Muy Diferente Group\n\nMuy Diferente Group emerged 13 years ago as the umbrella that integrates the projects of communicator and producer Francisco V\u00e1squez. Since then, it has supported important projects, such as Francisco Muy Diferente, Muy Diferente Radio and Muy Diferente Studio, in addition to managing conferences, consultancies, workshops and the artistic projection of its founder.\n\nBased in Santiago, the company has established itself as a benchmark in creative production, art direction, and business support.\n\n\n<figure class=\"wp-block-gallery has-nested-images columns-default is-cropped wp-block-gallery-1 is-layout-flex wp-block-gallery-is-layout-flex\">\n<figure class=\"wp-block-image size-large\"><img decoding=\"async\" data-id=\"520280\" src=\"https:\/\/ab.deultimominuto.net\/wp-content\/uploads\/2025\/08\/WhatsApp-Image-2025-08-21-at-1.49.25-PM-1-1024x681.jpeg\" alt=\"\" class=\"wp-image-520280\" title=\"\"><\/figure>\n\n\n\n<figure class=\"wp-block-image size-large\"><img decoding=\"async\" data-id=\"520281\" src=\"https:\/\/ab.deultimominuto.net\/wp-content\/uploads\/2025\/08\/WhatsApp-Image-2025-08-21-at-1.49.25-PM-1024x681.jpeg\" alt=\"\" class=\"wp-image-520281\" title=\"\"><\/figure>\n\n\n\n<figure class=\"wp-block-image size-large\"><img decoding=\"async\" data-id=\"520282\" src=\"https:\/\/ab.deultimominuto.net\/wp-content\/uploads\/2025\/08\/WhatsApp-Image-2025-08-21-at-1.49.24-PM-2-1-1024x681.jpeg\" alt=\"\" class=\"wp-image-520282\" title=\"\"><\/figure>\n\n\n\n<figure class=\"wp-block-image size-large\"><img decoding=\"async\" data-id=\"520283\" src=\"https:\/\/ab.deultimominuto.net\/wp-content\/uploads\/2025\/08\/WhatsApp-Image-2025-08-21-at-1.49.24-PM-1-1024x681.jpeg\" alt=\"\" class=\"wp-image-520283\" title=\"\"><\/figure>\n\n\n\n<figure class=\"wp-block-image size-large\"><img decoding=\"async\" data-id=\"520284\" src=\"https:\/\/ab.deultimominuto.net\/wp-content\/uploads\/2025\/08\/WhatsApp-Image-2025-08-21-at-1.49.24-PM-1024x681.jpeg\" alt=\"\" class=\"wp-image-520284\" title=\"\"><\/figure>\n<\/figure>\n","protected":false},"excerpt":{"rendered":"<p>The union seeks to directly support the business community in the North zone by offering corporate services with local talent. Santiago.- The renowned Dominican firms World Voices and Muy Diferente Group announced a strategic alliance with the main objective of supporting companies in the Northern region with high-level corporate communication services. The meeting, which brought [&hellip;]<\/p>\n","protected":false},"author":133543,"featured_media":479590,"comment_status":"open","ping_status":"open","sticky":false,"template":"","format":"standard","meta":{"_acf_changed":false,"_jetpack_newsletter_access":"","_jetpack_dont_email_post_to_subs":false,"_jetpack_newsletter_tier_id":0,"_jetpack_memberships_contains_paywalled_content":false,"_jetpack_memberships_contains_paid_content":false,"footnotes":"","_members_access_role":[],"_members_access_error":""},"categories":[7],"tags":[42021],"class_list":["post-479587","post","type-post","status-publish","format-standard","has-post-thumbnail","category-style","tag-world-voices"],"acf":[],"jetpack_sharing_enabled":true,"jetpack_shortlink":"https:\/\/wp.me\/phj1q1-20Lh","jetpack_featured_media_url":"https:\/\/deultimominuto.com\/en\/wp-content\/uploads\/sites\/2\/2025\/08\/WhatsApp-Image-2025-08-21-at-1.49.24-PM-2.jpeg","dum_api":{"author_name":"Carolina \u00c1lvarez","author_image":"https:\/\/deultimominuto.com\/wp-content\/uploads\/2026\/05\/cropped-WhatsApp-Image-2026-05-26-at-5.31.57-PM-96x96.jpeg","categories_name":["Style"],"featured_media_url":"https:\/\/cdn.deultimominuto.com\/en\/wp-content\/uploads\/sites\/2\/2025\/08\/WhatsApp-Image-2025-08-21-at-1.49.24-PM-2.jpeg"},"_links":{"self":[{"href":"https:\/\/deultimominuto.com\/en\/wp-json\/wp\/v2\/posts\/479587","targetHints":{"allow":["GET"]}}],"collection":[{"href":"https:\/\/deultimominuto.com\/en\/wp-json\/wp\/v2\/posts"}],"about":[{"href":"https:\/\/deultimominuto.com\/en\/wp-json\/wp\/v2\/types\/post"}],"author":[{"embeddable":true,"href":"https:\/\/deultimominuto.com\/en\/wp-json\/wp\/v2\/users\/133543"}],"replies":[{"embeddable":true,"href":"https:\/\/deultimominuto.com\/en\/wp-json\/wp\/v2\/comments?post=479587"}],"version-history":[{"count":0,"href":"https:\/\/deultimominuto.com\/en\/wp-json\/wp\/v2\/posts\/479587\/revisions"}],"wp:featuredmedia":[{"embeddable":true,"href":"https:\/\/deultimominuto.com\/en\/wp-json\/wp\/v2\/media\/479590"}],"wp:attachment":[{"href":"https:\/\/deultimominuto.com\/en\/wp-json\/wp\/v2\/media?parent=479587"}],"wp:term":[{"taxonomy":"category","embeddable":true,"href":"https:\/\/deultimominuto.com\/en\/wp-json\/wp\/v2\/categories?post=479587"},{"taxonomy":"post_tag","embeddable":true,"href":"https:\/\/deultimominuto.com\/en\/wp-json\/wp\/v2\/tags?post=479587"}],"curies":[{"name":"wp","href":"https:\/\/api.w.org\/{rel}","templated":true}]}}