{"id":479603,"date":"2025-08-21T19:05:06","date_gmt":"2025-08-21T23:05:06","guid":{"rendered":"https:\/\/deultimominuto.net\/en\/uncategorized\/joel-baldemiro-pena-assumes-as-the-new-interim-head-prosecutor-of-elias-pina\/"},"modified":"2025-08-21T19:06:38","modified_gmt":"2025-08-21T23:06:38","slug":"joel-baldemiro-pena-assumes-as-the-new-interim-head-prosecutor-of-elias-pina","status":"publish","type":"post","link":"https:\/\/deultimominuto.com\/en\/dominican-news\/joel-baldemiro-pena-assumes-as-the-new-interim-head-prosecutor-of-elias-pina\/","title":{"rendered":"Joel Baldemiro Pe\u00f1a assumes as the new interim head prosecutor of El\u00edas Pi\u00f1a"},"content":{"rendered":"<strong>Santo Domingo<\/strong>.-\u00a0Joel Baldemiro Pe\u00f1a Rojas, the new interim chief prosecutor of El\u00edas Pi\u00f1a province, was sworn in this Thursday, appointed by the Superior Council of the <a href=\"https:\/\/pgr.gob.do\/\" data-type=\"link\" data-id=\"https:\/\/pgr.gob.do\/\" target=\"_blank\" rel=\"noopener\">Public Ministry<\/a> (CSMP).\n\n<p><br>The head of the Regional Prosecutor&#8217;s Office of San Juan, appeals court prosecutor Juan Bautista, swore in the new prosecutor in an act held at the facilities of the Palace of Justice of that province.<\/p>\n\n<p><br>Pe\u00f1a Rojas, president of the Dominican Association of Career Prosecutors (Adofic), at the time of his appointment, served as a prosecutor of the Judicial District of Santo Domingo East, in the province of Santo Domingo.<\/p>\n\n\n<h6 class=\"wp-block-heading\"><strong>You can also read: <a href=\"https:\/\/ab.deultimominuto.net\/nacionales\/joel-santos-sistema-electrico-nacional-rompe-record-de-demanda-cubierta\/\" target=\"_blank\" rel=\"noopener\">Joel Santos: National Electric System breaks demand covered record | De \u00daltimo Minuto<\/a><\/strong><\/h6>\n\n\n<br>His appointment took place at the Eleventh Extraordinary Session of the Superior Council of the Public Ministry (CSMP), held on August 12, 2025, in which the transfer of Pe\u00f1a Rojas as interim head to the Prosecutor&#8217;s Office of El\u00edas Pi\u00f1a was known and approved.\n\n<p><br>The new head takes over from Ramil Cadete P\u00e9rez, who was transferred to the Specialized Prosecutor&#8217;s Office against Trafficking, Carrying and Illegal Possession of Weapons, in compliance with the decisions adopted by the CSMP, to strengthen the structure of the Public Ministry in priority areas.<br>\u00a0<\/p>","protected":false},"excerpt":{"rendered":"<p>Santo Domingo.-\u00a0Joel Baldemiro Pe\u00f1a Rojas, the new interim chief prosecutor of El\u00edas Pi\u00f1a province, was sworn in this Thursday, appointed by the Superior Council of the Public Ministry (CSMP). The head of the Regional Prosecutor&#8217;s Office of San Juan, appeals court prosecutor Juan Bautista, swore in the new prosecutor in an act held at the [&hellip;]<\/p>\n","protected":false},"author":133543,"featured_media":479605,"comment_status":"open","ping_status":"open","sticky":false,"template":"","format":"standard","meta":{"_acf_changed":false,"_jetpack_newsletter_access":"","_jetpack_dont_email_post_to_subs":false,"_jetpack_newsletter_tier_id":0,"_jetpack_memberships_contains_paywalled_content":false,"_jetpack_memberships_contains_paid_content":false,"footnotes":"","_members_access_role":[],"_members_access_error":""},"categories":[40216],"tags":[],"class_list":["post-479603","post","type-post","status-publish","format-standard","has-post-thumbnail","category-dominican-news"],"acf":[],"jetpack_sharing_enabled":true,"jetpack_shortlink":"https:\/\/wp.me\/phj1q1-20Lx","jetpack_featured_media_url":"https:\/\/deultimominuto.com\/en\/wp-content\/uploads\/sites\/2\/2025\/08\/WhatsApp-Image-2025-08-21-at-3.10.56-PM.jpeg","dum_api":{"author_name":"Carolina \u00c1lvarez","author_image":"https:\/\/deultimominuto.com\/wp-content\/uploads\/2026\/05\/cropped-WhatsApp-Image-2026-05-26-at-5.31.57-PM-96x96.jpeg","categories_name":["Dominican News"],"featured_media_url":"https:\/\/cdn.deultimominuto.com\/en\/wp-content\/uploads\/sites\/2\/2025\/08\/WhatsApp-Image-2025-08-21-at-3.10.56-PM.jpeg"},"_links":{"self":[{"href":"https:\/\/deultimominuto.com\/en\/wp-json\/wp\/v2\/posts\/479603","targetHints":{"allow":["GET"]}}],"collection":[{"href":"https:\/\/deultimominuto.com\/en\/wp-json\/wp\/v2\/posts"}],"about":[{"href":"https:\/\/deultimominuto.com\/en\/wp-json\/wp\/v2\/types\/post"}],"author":[{"embeddable":true,"href":"https:\/\/deultimominuto.com\/en\/wp-json\/wp\/v2\/users\/133543"}],"replies":[{"embeddable":true,"href":"https:\/\/deultimominuto.com\/en\/wp-json\/wp\/v2\/comments?post=479603"}],"version-history":[{"count":0,"href":"https:\/\/deultimominuto.com\/en\/wp-json\/wp\/v2\/posts\/479603\/revisions"}],"wp:featuredmedia":[{"embeddable":true,"href":"https:\/\/deultimominuto.com\/en\/wp-json\/wp\/v2\/media\/479605"}],"wp:attachment":[{"href":"https:\/\/deultimominuto.com\/en\/wp-json\/wp\/v2\/media?parent=479603"}],"wp:term":[{"taxonomy":"category","embeddable":true,"href":"https:\/\/deultimominuto.com\/en\/wp-json\/wp\/v2\/categories?post=479603"},{"taxonomy":"post_tag","embeddable":true,"href":"https:\/\/deultimominuto.com\/en\/wp-json\/wp\/v2\/tags?post=479603"}],"curies":[{"name":"wp","href":"https:\/\/api.w.org\/{rel}","templated":true}]}}