{"id":479754,"date":"2025-08-22T20:47:14","date_gmt":"2025-08-23T00:47:14","guid":{"rendered":"https:\/\/deultimominuto.net\/en\/uncategorized\/senator-miguel-uribe-turbays-father-will-take-his-place-in-the-presidential-dispute\/"},"modified":"2025-08-22T20:49:28","modified_gmt":"2025-08-23T00:49:28","slug":"senator-miguel-uribe-turbays-father-will-take-his-place-in-the-presidential-dispute","status":"publish","type":"post","link":"https:\/\/deultimominuto.com\/en\/international\/senator-miguel-uribe-turbays-father-will-take-his-place-in-the-presidential-dispute\/","title":{"rendered":"Senator Miguel Uribe Turbay&#8217;s father will take his place in the presidential dispute"},"content":{"rendered":"<strong>Bogot\u00e1<\/strong>.- Miguel Uribe Londo\u00f1o, father of the murdered senator Miguel Uribe Turbay, will take his place as a presidential pre-candidate for the right-wing Centro Democr\u00e1tico party, the political force, the main opposition to President Gustavo Petro, reported this Friday.\n\nAccording to the <a href=\"https:\/\/www.centrodemocratico.com\/\" data-type=\"link\" data-id=\"https:\/\/www.centrodemocratico.com\/\" target=\"_blank\" rel=\"noopener\">Democratic Center<\/a>, Uribe Londo\u00f1o himself requested to be allowed to &#8220;enter the selection process of the presidential candidate of the Democratic Center party representing the entire family of Miguel Uribe Turbay&#8221;.\n\n&#8220;Considering the above, the Democratic Center Party and its presidential pre-candidates welcome Mr. Miguel Uribe Londo\u00f1o, who as of today enters the process of selecting the presidential candidate&#8221; for the 2026 elections.\n\n\n<p class=\"wp-block-paragraph\"><strong>You can also read: <a href=\"https:\/\/ab.deultimominuto.net\/internacionales\/colombia-despide-a-miguel-uribe\/\" target=\"_blank\" rel=\"noopener\">Colombia says goodbye to Miguel Uribe Turbay, after 2 months<\/a><\/strong><\/p>\n\n\nIn this way, Uribe Londo\u00f1o, who had a stint in politics in the 90s, joins senators Mar\u00eda Fernanda Cabal, Paloma Valencia, Paola Holgu\u00edn and Andr\u00e9s Guerra, who aspire to obtain the nomination of the party founded and led by former President \u00c1lvaro Uribe (2002-2010) for next year&#8217;s presidential elections.\n\n\n<h6 class=\"wp-block-heading\">Senator Miguel Uribe Turbay, 39 years old and the fifth member of that list, passed away on August 11th, two months after being seriously injured by two shots to the head in an attack perpetrated on June 7th in Bogot\u00e1.<\/h6>\n\n\nIn his son&#8217;s funeral, Uribe Londo\u00f1o gave some words in which he pointed out that &#8220;Miguel&#8217;s ideas are more current than ever&#8221;, condemned the violence and called to &#8220;stop this madness in 2026&#8221;, the year in which legislative and presidential elections will be held in the country.\n\n&#8220;The Democratic Center Party will define its presidential candidate between December 2025 and January 2026 through an international survey&#8221; and the chosen one will participate on March 8th in a consultation with other right-wing forces &#8220;to choose a single candidate from a popular-based democratic unity that will rebuild the democratic path of the nation,&#8221; the statement added.","protected":false},"excerpt":{"rendered":"<p>Bogot\u00e1.- Miguel Uribe Londo\u00f1o, father of the murdered senator Miguel Uribe Turbay, will take his place as a presidential pre-candidate for the right-wing Centro Democr\u00e1tico party, the political force, the main opposition to President Gustavo Petro, reported this Friday. According to the Democratic Center, Uribe Londo\u00f1o himself requested to be allowed to &#8220;enter the selection [&hellip;]<\/p>\n","protected":false},"author":133543,"featured_media":479756,"comment_status":"open","ping_status":"open","sticky":false,"template":"","format":"standard","meta":{"_acf_changed":false,"_jetpack_newsletter_access":"","_jetpack_dont_email_post_to_subs":false,"_jetpack_newsletter_tier_id":0,"_jetpack_memberships_contains_paywalled_content":false,"_jetpack_memberships_contains_paid_content":false,"footnotes":"","_members_access_role":[],"_members_access_error":""},"categories":[95],"tags":[13631,41140],"class_list":["post-479754","post","type-post","status-publish","format-standard","has-post-thumbnail","category-international","tag-colombia","tag-miguel-uribe"],"acf":[],"jetpack_sharing_enabled":true,"jetpack_shortlink":"https:\/\/wp.me\/phj1q1-20NY","jetpack_featured_media_url":"https:\/\/deultimominuto.com\/en\/wp-content\/uploads\/sites\/2\/2025\/08\/LDTUJKOYJRGO3AKGOW7VIZACRI.avif","dum_api":{"author_name":"Carolina \u00c1lvarez","author_image":"https:\/\/deultimominuto.com\/wp-content\/uploads\/2026\/05\/cropped-WhatsApp-Image-2026-05-26-at-5.31.57-PM-96x96.jpeg","categories_name":["International"],"featured_media_url":"https:\/\/cdn.deultimominuto.com\/en\/wp-content\/uploads\/sites\/2\/2025\/08\/LDTUJKOYJRGO3AKGOW7VIZACRI.avif"},"_links":{"self":[{"href":"https:\/\/deultimominuto.com\/en\/wp-json\/wp\/v2\/posts\/479754","targetHints":{"allow":["GET"]}}],"collection":[{"href":"https:\/\/deultimominuto.com\/en\/wp-json\/wp\/v2\/posts"}],"about":[{"href":"https:\/\/deultimominuto.com\/en\/wp-json\/wp\/v2\/types\/post"}],"author":[{"embeddable":true,"href":"https:\/\/deultimominuto.com\/en\/wp-json\/wp\/v2\/users\/133543"}],"replies":[{"embeddable":true,"href":"https:\/\/deultimominuto.com\/en\/wp-json\/wp\/v2\/comments?post=479754"}],"version-history":[{"count":0,"href":"https:\/\/deultimominuto.com\/en\/wp-json\/wp\/v2\/posts\/479754\/revisions"}],"wp:featuredmedia":[{"embeddable":true,"href":"https:\/\/deultimominuto.com\/en\/wp-json\/wp\/v2\/media\/479756"}],"wp:attachment":[{"href":"https:\/\/deultimominuto.com\/en\/wp-json\/wp\/v2\/media?parent=479754"}],"wp:term":[{"taxonomy":"category","embeddable":true,"href":"https:\/\/deultimominuto.com\/en\/wp-json\/wp\/v2\/categories?post=479754"},{"taxonomy":"post_tag","embeddable":true,"href":"https:\/\/deultimominuto.com\/en\/wp-json\/wp\/v2\/tags?post=479754"}],"curies":[{"name":"wp","href":"https:\/\/api.w.org\/{rel}","templated":true}]}}