{"id":479827,"date":"2025-08-23T18:45:45","date_gmt":"2025-08-23T22:45:45","guid":{"rendered":"https:\/\/deultimominuto.net\/en\/uncategorized\/to-class-minerd-summons-more-than-2-6-million-students-to-the-beginning-of-the-school-year-this-monday-august-25th\/"},"modified":"2025-08-23T18:50:20","modified_gmt":"2025-08-23T22:50:20","slug":"to-class-minerd-summons-more-than-2-6-million-students-to-the-beginning-of-the-school-year-this-monday-august-25th","status":"publish","type":"post","link":"https:\/\/deultimominuto.com\/en\/dominican-news\/to-class-minerd-summons-more-than-2-6-million-students-to-the-beginning-of-the-school-year-this-monday-august-25th\/","title":{"rendered":"!To class! MINERD summons more than 2.6 million students to the beginning of the school year this Monday, August 25th"},"content":{"rendered":"<strong>Santo Domingo<\/strong>.- The Ministry of Education of the Dominican Republic (<a href=\"https:\/\/ministeriodeeducacion.gob.do\/\" data-type=\"link\" data-id=\"https:\/\/ministeriodeeducacion.gob.do\/\" target=\"_blank\" rel=\"noopener\">MINERD<\/a>) announced that this Monday, August 25th, the 2025-2026 school year will officially begin, summoning teachers, technicians, administrative staff and 2,664,028 students from the public, private and semi-official sectors, at all levels, cycles and modalities.\n\nThe Minister of Education, Luis Miguel De Camps, assured that the country is prepared to receive students and teachers with commitment and enthusiasm.\n\n\n<figure class=\"wp-block-pullquote\"><blockquote><p>&#8220;Este ser\u00e1 un a\u00f1o de esperanza, crecimiento y nuevas oportunidades. Invitamos a todos a sumarse con alegr\u00eda a esta gran misi\u00f3n educativa&#8221;, <\/p><cite>se\u00f1al\u00f3 De Camps.<\/cite><\/blockquote><\/figure>\n\n\nThe education portfolio emphasized that concrete measures have been implemented to improve teaching, including the continuous training of teachers, the provision of school furniture and educational resources, with the aim of ensuring a positive impact on student learning.\n\n\n<h6 class=\"wp-block-heading\"><strong>You can also read: <a href=\"https:\/\/ab.deultimominuto.net\/nacionales\/minerd-fortalece-el-capem\/\" target=\"_blank\" rel=\"noopener\">MINERD strengthens CAPEM and creates alliances for well-being<\/a><\/strong><\/h6>\n\n\nLikewise, the institution invited families and society to actively engage in the school year, reminding that education is a collective effort that requires collaboration and commitment from everyone.\n\n\n<p class=\"wp-block-paragraph\"><\/p>\n","protected":false},"excerpt":{"rendered":"<p>Santo Domingo.- The Ministry of Education of the Dominican Republic (MINERD) announced that this Monday, August 25th, the 2025-2026 school year will officially begin, summoning teachers, technicians, administrative staff and 2,664,028 students from the public, private and semi-official sectors, at all levels, cycles and modalities. The Minister of Education, Luis Miguel De Camps, assured that [&hellip;]<\/p>\n","protected":false},"author":133543,"featured_media":479829,"comment_status":"open","ping_status":"open","sticky":false,"template":"","format":"standard","meta":{"_acf_changed":false,"_jetpack_newsletter_access":"","_jetpack_dont_email_post_to_subs":false,"_jetpack_newsletter_tier_id":0,"_jetpack_memberships_contains_paywalled_content":false,"_jetpack_memberships_contains_paid_content":false,"footnotes":"","_members_access_role":[],"_members_access_error":""},"categories":[40216],"tags":[41843],"class_list":["post-479827","post","type-post","status-publish","format-standard","has-post-thumbnail","category-dominican-news","tag-school-year-2025-2026"],"acf":[],"jetpack_sharing_enabled":true,"jetpack_shortlink":"https:\/\/wp.me\/phj1q1-20P9","jetpack_featured_media_url":"https:\/\/deultimominuto.com\/en\/wp-content\/uploads\/sites\/2\/2025\/08\/WhatsApp-Image-2025-08-23-at-3.27.44-PM.jpeg","dum_api":{"author_name":"Carolina \u00c1lvarez","author_image":"https:\/\/deultimominuto.com\/wp-content\/uploads\/2026\/05\/cropped-WhatsApp-Image-2026-05-26-at-5.31.57-PM-96x96.jpeg","categories_name":["Dominican News"],"featured_media_url":"https:\/\/cdn.deultimominuto.com\/en\/wp-content\/uploads\/sites\/2\/2025\/08\/WhatsApp-Image-2025-08-23-at-3.27.44-PM.jpeg"},"_links":{"self":[{"href":"https:\/\/deultimominuto.com\/en\/wp-json\/wp\/v2\/posts\/479827","targetHints":{"allow":["GET"]}}],"collection":[{"href":"https:\/\/deultimominuto.com\/en\/wp-json\/wp\/v2\/posts"}],"about":[{"href":"https:\/\/deultimominuto.com\/en\/wp-json\/wp\/v2\/types\/post"}],"author":[{"embeddable":true,"href":"https:\/\/deultimominuto.com\/en\/wp-json\/wp\/v2\/users\/133543"}],"replies":[{"embeddable":true,"href":"https:\/\/deultimominuto.com\/en\/wp-json\/wp\/v2\/comments?post=479827"}],"version-history":[{"count":0,"href":"https:\/\/deultimominuto.com\/en\/wp-json\/wp\/v2\/posts\/479827\/revisions"}],"wp:featuredmedia":[{"embeddable":true,"href":"https:\/\/deultimominuto.com\/en\/wp-json\/wp\/v2\/media\/479829"}],"wp:attachment":[{"href":"https:\/\/deultimominuto.com\/en\/wp-json\/wp\/v2\/media?parent=479827"}],"wp:term":[{"taxonomy":"category","embeddable":true,"href":"https:\/\/deultimominuto.com\/en\/wp-json\/wp\/v2\/categories?post=479827"},{"taxonomy":"post_tag","embeddable":true,"href":"https:\/\/deultimominuto.com\/en\/wp-json\/wp\/v2\/tags?post=479827"}],"curies":[{"name":"wp","href":"https:\/\/api.w.org\/{rel}","templated":true}]}}