{"id":479953,"date":"2025-08-25T10:11:31","date_gmt":"2025-08-25T14:11:31","guid":{"rendered":"https:\/\/deultimominuto.net\/en\/uncategorized\/vice-president-raquel-pena-heads-start-of-the-school-year-in-santiago\/"},"modified":"2025-08-25T10:11:31","modified_gmt":"2025-08-25T14:11:31","slug":"vice-president-raquel-pena-heads-start-of-the-school-year-in-santiago","status":"publish","type":"post","link":"https:\/\/deultimominuto.com\/en\/dominican-news\/vice-president-raquel-pena-heads-start-of-the-school-year-in-santiago\/","title":{"rendered":"Vice President Raquel Pe\u00f1a heads start of the school year in Santiago"},"content":{"rendered":"<strong>Santiago. \u2013<\/strong> The Vice President of the Republic, Raquel Pe\u00f1a, led this Monday the official opening ceremony of the 2025-2026 school year in the province of Santiago, held at the Mar\u00eda Secundina Torres Sir\u00ed School, located on the Monte <a href=\"https:\/\/ab.deultimominuto.net\/nacionales\/potencial-de-raquel-pena\/\" target=\"_blank\" rel=\"noopener\">Adentro<\/a> highway.\n\nDuring the ceremony, Pe\u00f1a highlighted that each start of classes constitutes &#8220;a firm step towards the country&#8217;s development,&#8221; while emphasizing the importance of ensuring that children and adolescents have access to inclusive and quality education.\n\n\n<h2 class=\"wp-block-heading\"><strong>Read more: <a href=\"https:\/\/ab.deultimominuto.net\/nacionales\/raquel-pena-destaca-aporte\/\" data-type=\"post\" data-id=\"509570\" target=\"_blank\" rel=\"noopener\">Raquel Pe\u00f1a highlights La Vega&#8217;s contribution to the national economy during Expo Vega Real 2025<\/a><\/strong><\/h2>\n\n\nHe also assured that the Government, under the direction of President Luis Abinader, is working through the Ministry of Education (Minerd) to raise the levels of education throughout the national territory, with a view to forming more prepared and competitive citizens.\n\n\n<p class=\"wp-block-paragraph\">The vice president called on parents and guardians to actively involve themselves in the education of their children. &#8220;Education is a shared commitment between the family, teachers, and the State; together we will move towards a more just and equitable society,&#8221; she said.<\/p>\n\n\nIn the province of Santiago, a total of 587 schools, distributed in more than 8 thousand classrooms, will receive the 250 thousand students enrolled in this school year.\n\nThe event was attended by the regional director of Education, Pedro Pablo Marte; the provincial governor, Rosa Santos; the mayor of Santiago, Ulises Rodr\u00edguez; the vice minister of Education, Julio Cordero; the director of the host educational center, Mercedes V\u00e9loz; and the student Melani Sir\u00ed, who spoke on behalf of the student community.\n\nWith this act, the Government formally initiated the school day in a province that represents one of the main academic axes of the country, amid a renewed commitment to strengthen the integral formation of Dominican children and youth.","protected":false},"excerpt":{"rendered":"<p>Santiago. \u2013 The Vice President of the Republic, Raquel Pe\u00f1a, led this Monday the official opening ceremony of the 2025-2026 school year in the province of Santiago, held at the Mar\u00eda Secundina Torres Sir\u00ed School, located on the Monte Adentro highway. During the ceremony, Pe\u00f1a highlighted that each start of classes constitutes &#8220;a firm step [&hellip;]<\/p>\n","protected":false},"author":94,"featured_media":479954,"comment_status":"open","ping_status":"open","sticky":false,"template":"","format":"standard","meta":{"_acf_changed":false,"_jetpack_newsletter_access":"","_jetpack_dont_email_post_to_subs":false,"_jetpack_newsletter_tier_id":0,"_jetpack_memberships_contains_paywalled_content":false,"_jetpack_memberships_contains_paid_content":false,"footnotes":"","_members_access_role":[],"_members_access_error":""},"categories":[40216],"tags":[1830,136,40523],"class_list":["post-479953","post","type-post","status-publish","format-standard","has-post-thumbnail","category-dominican-news","tag-raquel-pena","tag-santiago","tag-vice-president"],"acf":[],"jetpack_sharing_enabled":true,"jetpack_shortlink":"https:\/\/wp.me\/phj1q1-20Rb","jetpack_featured_media_url":"https:\/\/deultimominuto.com\/en\/wp-content\/uploads\/sites\/2\/2025\/08\/WhatsApp-Image-2025-08-25-at-6.06.26-AM.jpeg","dum_api":{"author_name":"Inocencio Encarnaci\u00f3n","author_image":"https:\/\/secure.gravatar.com\/avatar\/fb05fc387015a833e131f980ca4a79163ed9d20b5d077f4f286c6f316ef033ae?s=96&d=mm&r=g","categories_name":["Dominican News"],"featured_media_url":"https:\/\/cdn.deultimominuto.com\/en\/wp-content\/uploads\/sites\/2\/2025\/08\/WhatsApp-Image-2025-08-25-at-6.06.26-AM.jpeg"},"_links":{"self":[{"href":"https:\/\/deultimominuto.com\/en\/wp-json\/wp\/v2\/posts\/479953","targetHints":{"allow":["GET"]}}],"collection":[{"href":"https:\/\/deultimominuto.com\/en\/wp-json\/wp\/v2\/posts"}],"about":[{"href":"https:\/\/deultimominuto.com\/en\/wp-json\/wp\/v2\/types\/post"}],"author":[{"embeddable":true,"href":"https:\/\/deultimominuto.com\/en\/wp-json\/wp\/v2\/users\/94"}],"replies":[{"embeddable":true,"href":"https:\/\/deultimominuto.com\/en\/wp-json\/wp\/v2\/comments?post=479953"}],"version-history":[{"count":0,"href":"https:\/\/deultimominuto.com\/en\/wp-json\/wp\/v2\/posts\/479953\/revisions"}],"wp:featuredmedia":[{"embeddable":true,"href":"https:\/\/deultimominuto.com\/en\/wp-json\/wp\/v2\/media\/479954"}],"wp:attachment":[{"href":"https:\/\/deultimominuto.com\/en\/wp-json\/wp\/v2\/media?parent=479953"}],"wp:term":[{"taxonomy":"category","embeddable":true,"href":"https:\/\/deultimominuto.com\/en\/wp-json\/wp\/v2\/categories?post=479953"},{"taxonomy":"post_tag","embeddable":true,"href":"https:\/\/deultimominuto.com\/en\/wp-json\/wp\/v2\/tags?post=479953"}],"curies":[{"name":"wp","href":"https:\/\/api.w.org\/{rel}","templated":true}]}}