{"id":480088,"date":"2025-08-26T08:41:40","date_gmt":"2025-08-26T12:41:40","guid":{"rendered":"https:\/\/deultimominuto.net\/en\/uncategorized\/dominican-ballet-in-europe-dazzles-in-japan-with-presentation-expo-osaka-2025\/"},"modified":"2025-08-26T08:41:40","modified_gmt":"2025-08-26T12:41:40","slug":"dominican-ballet-in-europe-dazzles-in-japan-with-presentation-expo-osaka-2025","status":"publish","type":"post","link":"https:\/\/deultimominuto.com\/en\/entertainment\/dominican-ballet-in-europe-dazzles-in-japan-with-presentation-expo-osaka-2025\/","title":{"rendered":"Dominican Ballet in Europe dazzles in Japan with presentation Expo Osaka 2025"},"content":{"rendered":"<em><strong>With this performance, the Dominican Ballet in Europe (BDE) reaffirmed its status as the first Dominican international dance company and consolidated its role as a cultural ambassador of the nation, after a career spanning over 3,500 performances in Europe.<\/strong><\/em><\/p>\n\n<strong>OSAKA, JAPAN.- <\/strong>Within the framework of the celebration of the <strong>National Day of the Dominican Republic <\/strong>at Expo Osaka 2025, the <strong><a href=\"https:\/\/ab.deultimominuto.net\/entretenimiento\/el-ballet-dominicano\/\" target=\"_blank\" rel=\"noopener\">Dominican Ballet <\/a>in Europe (BDE)<\/strong> performed with great success, becoming the first Dominican dance company to participate in an international event of this magnitude. With pride, the group of multidisciplinary dancers brought to the stage a vibrant program that projected the Dominican cultural identity and captivated the Japanese and international audience.\n\nThe cultural show directed by H\u00e9ctor Far\u00edas offered a staging that combined tradition, art, and Dominican culture, where the audience applauded the repertoire that included iconic pieces such as Compadre Pedro Juan, Carabine, Las Siete Pasadas and Bachata en Fukuoka, performed with great interpretative force and accompanied by the live music of Josean Jacobo and his orchestra.\n\n\n<h3 class=\"wp-block-heading\"><strong>Read more: <a href=\"https:\/\/ab.deultimominuto.net\/entretenimiento\/snoop-dogg-critica-parejas-gays\/\" data-type=\"post\" data-id=\"522246\" target=\"_blank\" rel=\"noopener\">Snoop Dogg criticizes gay couples in children&#8217;s movies: &#8220;It&#8217;s fucking crazy what they teach you so young&#8221;<\/a><\/strong><\/h3>\n\n\n&#8220;We feel enormous emotion seeing the public&#8217;s reaction in Osaka. It was a cultural encounter full of respect and admiration for our roots. This moment demonstrates that Dominican dance has a place in the world,&#8221; said H\u00e9ctor Far\u00edas, artistic director of the BDE.\n\nThe official delegation of the Dominican Republic was headed by the Minister of the Presidency, Jos\u00e9 Ignacio Paliza, accompanied by the Minister of Culture, Roberto \u00c1ngel Salcedo; the Vice Minister for Economic Affairs and International Cooperation of the Ministry of Foreign Affairs, Hugo Fco. Rivera; the Vice Minister of Culture, Amaury S\u00e1nchez; the Executive Director of ProDominicana, Biviana Riveiro; and the Dominican ambassador to Japan, Edward P\u00e9rez Reyes.\n\nWith this performance, the dance company reaffirmed its status as the first Dominican international dance company and consolidated its role as a cultural ambassador of the nation, after a career that exceeds 3,500 performances in Europe, with a team composed of the multidisciplinary dancers: Carolin Ag\u00fcero Madera, Yohsanna Mar\u00eda Robles Mer\u00e1n, Sabrina Thais Mel\u00e9ndez Hilario, Nelsy Esmeralda, Carol Brito, David Arturo G\u00f3mez Arias, Jefry Steury Feliz de Le\u00f3n, Jehan Molina Brito and Engels Jos\u00e9 M\u00e9ndez Montero.\n\n&#8220;This achievement is not just ours, it belongs to all Dominicans. Every time we go on stage, we proudly carry our flag and our culture. This presentation at the Osaka Expo will be unforgettable for us,&#8221; concluded Far\u00edas.\n\nThe event also featured the participation of the Ecological Devils of San Crist\u00f3bal and Los Broncos de La Vega, adding color and authenticity to the celebration, making it an integral display of Dominican identity.\n\nThe programming for Dominican Republic National Day at the prestigious fair included a flag-raising ceremony, institutional speeches, visits to the Dominican pavilion, and a cultural show produced by H\u00e9ctor Far\u00edas, with the stellar participation of the Dominican Ballet in Europe (BDE), accompanied by pianist Josean Jacobo and his orchestra, as well as the carnival display of the traditional Ecological Devils of San Crist\u00f3bal by Luis Rivas and Los Broncos de La Vega.\n\n\n<h3 class=\"wp-block-heading\"><strong>About the Dominican Ballet in Europe<\/strong><\/h3>\n\n\n\n<p class=\"wp-block-paragraph\">Founded in 2015, the Dominican Ballet in Europe is the first professional Dominican dance company established abroad. Under the direction of H\u00e9ctor Far\u00edas and Engels M\u00e9ndez, the group has carried out more than 3,500 artistic and cultural activities in different European countries, promoting, safeguarding and disseminating national folklore to thousands of spectators.<\/p>\n\n\nThrough its presentations and projects, the Dominican Ballet in Europe (BDE) has honorably represented the Dominican Republic in important festivals and institutional events, showcasing the richness, diversity, and authenticity, and contributing significantly to the strengthening of cultural ties.\n\nThe dance company, which has multidisciplinary dancers, has contributed to the positive projection of the Dominican Republic in the international arena through its young talented members; Carolin Ag\u00fcero Madera, Yohsanna Mar\u00eda Robles Mer\u00e1n, Sabrina Thais Mel\u00e9ndez Hilario, Nelsy Esmeralda and Carol Brito. Also integrated are David Arturo G\u00f3mez Arias, Jefry Steury Feliz de Le\u00f3n, Jehan Molina Brito, Engels Jos\u00e9 M\u00e9ndez Montero.\n\nIn addition to its outstanding artistic work, the Dominican Ballet in Europe carries out an important social mission through master classes and accompaniment programs for young people of the Dominican diaspora in Europe, impacting more than 10,500 beneficiaries. These initiatives include classical, contemporary, modern dance and Dominican folklore workshops, with the aim of supporting youth and children of Dominicans residing abroad, providing them with spaces for training, inclusion and a direct link with their Dominican cultural roots.\n\n\n<h2 class=\"wp-block-heading\"><strong>Expo Osaka 2025<\/strong><\/h2>\n\n\nIt is a world-class event held on the artificial island of Yumeshima, in Osaka Bay, Japan, from April 13 to October 13. The central theme is &#8220;Designing the society of the future for our lives&#8221;, with a focus on sustainability, technology, and improving the planet. The Expo will bring together more than 150 countries and international organizations to present their visions of the future.\n\nThe Dominican Republic National Day agenda at Expo Osaka will be held on Saturday, August 23rd with a flag-raising ceremony, institutional speeches, cultural presentations, and visits to the Dominican pavilion.\n\nAnother of the activities will be an official reception at the Expo&#8217;s Guest House. As part of the celebration, a colorful carnival parade is expected in the iconic Great Ring, bringing the joy and richness of Dominican traditions to the Japanese public.\n\nThe Dominican Republic&#8217;s participation in the Expo coincides with the commemoration of more than nine decades of diplomatic relations between Japan and the Dominican Republic, marked by cooperation, friendship, and mutual respect, and which is enriched by the historical presence of Nikkei communities in Dominican territory.","protected":false},"excerpt":{"rendered":"<p>With this performance, the Dominican Ballet in Europe (BDE) reaffirmed its status as the first Dominican international dance company and consolidated its role as a cultural ambassador of the nation, after a career spanning over 3,500 performances in Europe. OSAKA, JAPAN.- Within the framework of the celebration of the National Day of the Dominican Republic [&hellip;]<\/p>\n","protected":false},"author":4,"featured_media":480089,"comment_status":"open","ping_status":"open","sticky":false,"template":"","format":"standard","meta":{"_acf_changed":false,"_jetpack_newsletter_access":"","_jetpack_dont_email_post_to_subs":false,"_jetpack_newsletter_tier_id":0,"_jetpack_memberships_contains_paywalled_content":false,"_jetpack_memberships_contains_paid_content":false,"footnotes":"","_members_access_role":[],"_members_access_error":""},"categories":[5],"tags":[42068],"class_list":["post-480088","post","type-post","status-publish","format-standard","has-post-thumbnail","category-entertainment","tag-national-day-of-the-dominican-republic"],"acf":[],"jetpack_sharing_enabled":true,"jetpack_shortlink":"https:\/\/wp.me\/phj1q1-20Tm","jetpack_featured_media_url":"https:\/\/deultimominuto.com\/en\/wp-content\/uploads\/sites\/2\/2025\/08\/WhatsApp-Image-2025-08-25-at-3.58.25-PM.jpeg","dum_api":{"author_name":"Redacci\u00f3n De \u00daltimo Minuto","author_image":"https:\/\/deultimominuto.com\/wp-content\/uploads\/2025\/02\/cropped-logo-de-ultimo-minuto-96x96.png","categories_name":["Entertainment"],"featured_media_url":"https:\/\/cdn.deultimominuto.com\/en\/wp-content\/uploads\/sites\/2\/2025\/08\/WhatsApp-Image-2025-08-25-at-3.58.25-PM.jpeg"},"_links":{"self":[{"href":"https:\/\/deultimominuto.com\/en\/wp-json\/wp\/v2\/posts\/480088","targetHints":{"allow":["GET"]}}],"collection":[{"href":"https:\/\/deultimominuto.com\/en\/wp-json\/wp\/v2\/posts"}],"about":[{"href":"https:\/\/deultimominuto.com\/en\/wp-json\/wp\/v2\/types\/post"}],"author":[{"embeddable":true,"href":"https:\/\/deultimominuto.com\/en\/wp-json\/wp\/v2\/users\/4"}],"replies":[{"embeddable":true,"href":"https:\/\/deultimominuto.com\/en\/wp-json\/wp\/v2\/comments?post=480088"}],"version-history":[{"count":0,"href":"https:\/\/deultimominuto.com\/en\/wp-json\/wp\/v2\/posts\/480088\/revisions"}],"wp:featuredmedia":[{"embeddable":true,"href":"https:\/\/deultimominuto.com\/en\/wp-json\/wp\/v2\/media\/480089"}],"wp:attachment":[{"href":"https:\/\/deultimominuto.com\/en\/wp-json\/wp\/v2\/media?parent=480088"}],"wp:term":[{"taxonomy":"category","embeddable":true,"href":"https:\/\/deultimominuto.com\/en\/wp-json\/wp\/v2\/categories?post=480088"},{"taxonomy":"post_tag","embeddable":true,"href":"https:\/\/deultimominuto.com\/en\/wp-json\/wp\/v2\/tags?post=480088"}],"curies":[{"name":"wp","href":"https:\/\/api.w.org\/{rel}","templated":true}]}}