{"id":480214,"date":"2025-08-27T11:37:51","date_gmt":"2025-08-27T15:37:51","guid":{"rendered":"https:\/\/deultimominuto.net\/en\/uncategorized\/gustavo-sanchez-accuses-fuerza-del-pueblo-of-harassing-pld-leaders-and-holds-radhames-jimenez-responsible\/"},"modified":"2025-08-27T11:37:51","modified_gmt":"2025-08-27T15:37:51","slug":"gustavo-sanchez-accuses-fuerza-del-pueblo-of-harassing-pld-leaders-and-holds-radhames-jimenez-responsible","status":"publish","type":"post","link":"https:\/\/deultimominuto.com\/en\/dominican-news\/gustavo-sanchez-accuses-fuerza-del-pueblo-of-harassing-pld-leaders-and-holds-radhames-jimenez-responsible\/","title":{"rendered":"Gustavo S\u00e1nchez accuses Fuerza del Pueblo of &#8220;harassing&#8221; PLD leaders and holds Radham\u00e9s Jim\u00e9nez responsible"},"content":{"rendered":"<strong>Santo Domingo, D.N. \u2013<\/strong> The spokesperson for the Block of Deputies of the Dominican Liberation Party (PLD), Gustavo S\u00e1nchez, denounced that leaders, members, and sympathizers of his organization are being &#8220;harassed&#8221; in order to demotivate them and attract them to the Fuerza del Pueblo, offering them party positions and candidacies for 2028.\n\nS\u00e1nchez blamed those actions on the vice president of the Fuerza del Pueblo, Radham\u00e9s Jim\u00e9nez, whom he described as the <strong>&#8220;commander-in-chief of the Praetorian Guard of Leonelism.&#8221;<\/strong>\n\n\n<h3 class=\"wp-block-heading\"><strong>Read more: <a href=\"https:\/\/ab.deultimominuto.net\/nacionales\/gustavo-sanchez-advierte-pld\/\" data-type=\"post\" data-id=\"505209\" target=\"_blank\" rel=\"noopener\">Deputy Gustavo S\u00e1nchez warns the PLD will not be complicit in a Penal Code that violates rights<\/a><\/strong><\/h3>\n\n\nThe member of the PLD Political Committee stated that, with that attitude, the leadership of the Fuerza del Pueblo <strong>&#8220;disregards the exchange of mutual respect, under the understanding that the common adversary is the party that holds the leadership of the State.&#8221;<\/strong>\n\n&#8220;We have respected the fulfillment of that political work procedure from the opposition, however; the siege campaign has resurfaced, after all the latest polls reflect a repositioning of the Dominican Liberation Party, and some leaders of the People&#8217;s Force, with Radham\u00e9s Jim\u00e9nez at the head, want to validate their political actions by identifying the PLD as an electoral objective,&#8221; he declared.\n\nHe also warned that this type of practice by Radham\u00e9s Jim\u00e9nez and other leaders &#8220;causes discontent among the PLD&#8217;s rank and file, and blows up bridges that could serve as communication and potential working tables in the future.&#8221;\n\nFinally, S\u00e1nchez reminded Leonel Fern\u00e1ndez&#8217;s so-called &#8220;Praetorian Guard&#8221; that &#8220;their attitudes reveal the pettiness of jealousy over the generational change, believing themselves to be the political heirs of a candidacy, identifying a political confrontation in the reign of Leonel Fern\u00e1ndez.&#8221;","protected":false},"excerpt":{"rendered":"<p>Santo Domingo, D.N. \u2013 The spokesperson for the Block of Deputies of the Dominican Liberation Party (PLD), Gustavo S\u00e1nchez, denounced that leaders, members, and sympathizers of his organization are being &#8220;harassed&#8221; in order to demotivate them and attract them to the Fuerza del Pueblo, offering them party positions and candidacies for 2028. S\u00e1nchez blamed those [&hellip;]<\/p>\n","protected":false},"author":78,"featured_media":480215,"comment_status":"open","ping_status":"open","sticky":false,"template":"","format":"standard","meta":{"_acf_changed":false,"_jetpack_newsletter_access":"","_jetpack_dont_email_post_to_subs":false,"_jetpack_newsletter_tier_id":0,"_jetpack_memberships_contains_paywalled_content":false,"_jetpack_memberships_contains_paid_content":false,"footnotes":"","_members_access_role":[],"_members_access_error":""},"categories":[40216],"tags":[24879,648,40990],"class_list":["post-480214","post","type-post","status-publish","format-standard","has-post-thumbnail","category-dominican-news","tag-gustavo-sanchez","tag-pld","tag-strength-of-the-people"],"acf":[],"jetpack_sharing_enabled":true,"jetpack_shortlink":"https:\/\/wp.me\/phj1q1-20Vo","jetpack_featured_media_url":"https:\/\/deultimominuto.com\/en\/wp-content\/uploads\/sites\/2\/2025\/08\/WhatsApp-Image-2025-08-27-at-8.30.04-AM.jpeg","dum_api":{"author_name":"Elsa Cesilia Feliz","author_image":"https:\/\/deultimominuto.com\/wp-content\/uploads\/2024\/03\/cropped-elsa-cesilia-96x96.jpg","categories_name":["Dominican News"],"featured_media_url":"https:\/\/cdn.deultimominuto.com\/en\/wp-content\/uploads\/sites\/2\/2025\/08\/WhatsApp-Image-2025-08-27-at-8.30.04-AM.jpeg"},"_links":{"self":[{"href":"https:\/\/deultimominuto.com\/en\/wp-json\/wp\/v2\/posts\/480214","targetHints":{"allow":["GET"]}}],"collection":[{"href":"https:\/\/deultimominuto.com\/en\/wp-json\/wp\/v2\/posts"}],"about":[{"href":"https:\/\/deultimominuto.com\/en\/wp-json\/wp\/v2\/types\/post"}],"author":[{"embeddable":true,"href":"https:\/\/deultimominuto.com\/en\/wp-json\/wp\/v2\/users\/78"}],"replies":[{"embeddable":true,"href":"https:\/\/deultimominuto.com\/en\/wp-json\/wp\/v2\/comments?post=480214"}],"version-history":[{"count":0,"href":"https:\/\/deultimominuto.com\/en\/wp-json\/wp\/v2\/posts\/480214\/revisions"}],"wp:featuredmedia":[{"embeddable":true,"href":"https:\/\/deultimominuto.com\/en\/wp-json\/wp\/v2\/media\/480215"}],"wp:attachment":[{"href":"https:\/\/deultimominuto.com\/en\/wp-json\/wp\/v2\/media?parent=480214"}],"wp:term":[{"taxonomy":"category","embeddable":true,"href":"https:\/\/deultimominuto.com\/en\/wp-json\/wp\/v2\/categories?post=480214"},{"taxonomy":"post_tag","embeddable":true,"href":"https:\/\/deultimominuto.com\/en\/wp-json\/wp\/v2\/tags?post=480214"}],"curies":[{"name":"wp","href":"https:\/\/api.w.org\/{rel}","templated":true}]}}