{"id":480678,"date":"2025-08-31T11:22:54","date_gmt":"2025-08-31T15:22:54","guid":{"rendered":"https:\/\/deultimominuto.net\/en\/uncategorized\/la-romana-city-hall-recognizes-major-general-jorge-ivan-camino-perez-and-other-military-personnel\/"},"modified":"2025-08-31T11:22:54","modified_gmt":"2025-08-31T15:22:54","slug":"la-romana-city-hall-recognizes-major-general-jorge-ivan-camino-perez-and-other-military-personnel","status":"publish","type":"post","link":"https:\/\/deultimominuto.com\/en\/dominican-news\/la-romana-city-hall-recognizes-major-general-jorge-ivan-camino-perez-and-other-military-personnel\/","title":{"rendered":"La Romana City Hall recognizes Major General Jorge Iv\u00e1n Camino P\u00e9rez and other military personnel-"},"content":{"rendered":"<strong>La Romana.<\/strong> &#8211; Within the framework of the &#8220;Patron Saint Festivities Santa Rosa de Lima 2025&#8221;, the City Council of La Romana recognized Major General of the <a href=\"https:\/\/www.ejercito.mil.do\/\" target=\"_blank\" rel=\"noopener\">Dominican Republic Army<\/a>, Jorge Iv\u00e1n Camino P\u00e9rez and other military personnel from the different military and police institutions of La Romana.\n\nThe event was led by the Municipal Mayor, Eduardo Kery Metivier, and the Provincial Governor Ivelisse Mercedes M\u00e9ndez.\n\nAlso participated Councilor Trina Angom\u00e1s and Mr. Freddy F\u00e9lix Ysaac, President of the &#8220;Organizing Committee of the Patron Saint Festivities Santa Rosa de Lima 2025.&#8221;\n\n\n<p class=\"wp-block-paragraph\"><strong>ACKNOWLEDGEMENT<\/strong><\/p>\n\n\nThe authorities paraded from the esplanade of the Municipal Palace to the legendary Recreativo Club of the municipality of La Romana, where the recognition ceremony took place.\n\nAfter the parade, and after the authorities arrived at the Recreativo Club, the Romanense military and police were recognized, who received that distinction from the civil authorities of the province.\n\n\n<p class=\"wp-block-paragraph\"><strong>You may be interested in:<\/strong><a href=\"https:\/\/ab.deultimominuto.net\/nacionales\/autoridades-de-salud-aclaran\/\" target=\"_blank\" rel=\"noopener\">Health authorities clarify that the poisoning in Las Galeras is not linked to restaurants or local kitchens<\/a><\/p>\n\n\nIn addition, Col. Ronny Ram\u00f3n De Jes\u00fas Hern\u00e1ndez, (ERD); Col. C\u00e9sar Cede\u00f1o de la Cruz, (ERD); Col. Jorge Encarnaci\u00f3n Rijo, (ERD); Col. Jos\u00e9 Guillermo Guerrero Pe\u00f1a, (ERD); C.N. George Alberto Montes de Oca N\u00fa\u00f1ez (ARD); C.N. Jos\u00e9 Manuel de Jes\u00fas B\u00e1ez B\u00e1ez, (ARD); Lt. Col. David Mej\u00eda Laureano, (ERD); Lt. Col. Genaro Antonio S\u00e1nchez Castillo, (ERD); Lt. Col. Air Defense, Jos\u00e9 Mart\u00edn Castillo De La Cruz, (FARD); Lt. Col. Alka Lidia Castillo Rodr\u00edguez, (PN); Major Virgilio Jos\u00e9 Beato Hern\u00e1ndez, (ERD); Major PCD. Ronny de los Santos Polinario, (FARD); Capt. Ferm\u00edn Emmanuel Amador Castro, (ERD); Capt. Asprandy de los Santos de Jes\u00fas, (ERD); Capt. Jos\u00e9 Alberdy Dur\u00e1n De Los Santos, (ERD); Capt. Perla Masiel Cedano Medina, (PN); 1st Lt. Rolando Candelario Pichardo, (ERD); Lt. Frag. F\u00e9lix Amado Guerrero De Jes\u00fas, (ERD), and Sgt. Major. Lee \u00c1lvarez G\u00f3mez, (ERD), were recognized.","protected":false},"excerpt":{"rendered":"<p>La Romana. &#8211; Within the framework of the &#8220;Patron Saint Festivities Santa Rosa de Lima 2025&#8221;, the City Council of La Romana recognized Major General of the Dominican Republic Army, Jorge Iv\u00e1n Camino P\u00e9rez and other military personnel from the different military and police institutions of La Romana. The event was led by the Municipal [&hellip;]<\/p>\n","protected":false},"author":133537,"featured_media":480679,"comment_status":"open","ping_status":"open","sticky":false,"template":"","format":"standard","meta":{"_acf_changed":false,"_jetpack_newsletter_access":"","_jetpack_dont_email_post_to_subs":false,"_jetpack_newsletter_tier_id":0,"_jetpack_memberships_contains_paywalled_content":false,"_jetpack_memberships_contains_paid_content":false,"footnotes":"","_members_access_role":[],"_members_access_error":""},"categories":[40216],"tags":[25278,42125,42124,40822,42126,42127],"class_list":["post-480678","post","type-post","status-publish","format-standard","has-post-thumbnail","category-dominican-news","tag-general","tag-jorge","tag-mayors-office","tag-military","tag-recognize","tag-romana"],"acf":[],"jetpack_sharing_enabled":true,"jetpack_shortlink":"https:\/\/wp.me\/phj1q1-212S","jetpack_featured_media_url":"https:\/\/deultimominuto.com\/en\/wp-content\/uploads\/sites\/2\/2025\/08\/WhatsApp-Image-2025-08-31-at-11.11.18-AM.jpeg","dum_api":{"author_name":"Paola Castillo","author_image":"https:\/\/deultimominuto.com\/wp-content\/uploads\/2025\/10\/cropped-paola-castillo-f-96x96.jpg","categories_name":["Dominican News"],"featured_media_url":"https:\/\/cdn.deultimominuto.com\/en\/wp-content\/uploads\/sites\/2\/2025\/08\/WhatsApp-Image-2025-08-31-at-11.11.18-AM.jpeg"},"_links":{"self":[{"href":"https:\/\/deultimominuto.com\/en\/wp-json\/wp\/v2\/posts\/480678","targetHints":{"allow":["GET"]}}],"collection":[{"href":"https:\/\/deultimominuto.com\/en\/wp-json\/wp\/v2\/posts"}],"about":[{"href":"https:\/\/deultimominuto.com\/en\/wp-json\/wp\/v2\/types\/post"}],"author":[{"embeddable":true,"href":"https:\/\/deultimominuto.com\/en\/wp-json\/wp\/v2\/users\/133537"}],"replies":[{"embeddable":true,"href":"https:\/\/deultimominuto.com\/en\/wp-json\/wp\/v2\/comments?post=480678"}],"version-history":[{"count":0,"href":"https:\/\/deultimominuto.com\/en\/wp-json\/wp\/v2\/posts\/480678\/revisions"}],"wp:featuredmedia":[{"embeddable":true,"href":"https:\/\/deultimominuto.com\/en\/wp-json\/wp\/v2\/media\/480679"}],"wp:attachment":[{"href":"https:\/\/deultimominuto.com\/en\/wp-json\/wp\/v2\/media?parent=480678"}],"wp:term":[{"taxonomy":"category","embeddable":true,"href":"https:\/\/deultimominuto.com\/en\/wp-json\/wp\/v2\/categories?post=480678"},{"taxonomy":"post_tag","embeddable":true,"href":"https:\/\/deultimominuto.com\/en\/wp-json\/wp\/v2\/tags?post=480678"}],"curies":[{"name":"wp","href":"https:\/\/api.w.org\/{rel}","templated":true}]}}