{"id":480816,"date":"2025-09-01T08:19:15","date_gmt":"2025-09-01T12:19:15","guid":{"rendered":"https:\/\/deultimominuto.net\/en\/uncategorized\/young-man-loses-his-life-in-traffic-accident-in-nagua\/"},"modified":"2025-09-01T08:19:15","modified_gmt":"2025-09-01T12:19:15","slug":"young-man-loses-his-life-in-traffic-accident-in-nagua","status":"publish","type":"post","link":"https:\/\/deultimominuto.com\/en\/dominican-news\/young-man-loses-his-life-in-traffic-accident-in-nagua\/","title":{"rendered":"Young man loses his life in traffic accident in Nagua"},"content":{"rendered":"\n<p class=\"wp-block-paragraph\"><strong>Nagua, Mar\u00eda Trinidad S\u00e1nchez.\u2013<\/strong> The night of this Sunday, August 31st, a tragic <a href=\"https:\/\/ab.deultimominuto.net\/nacionales\/accidente-de-transito-2\/\" target=\"_blank\" rel=\"noopener\">traffic accident<\/a> occurred on Luis Mar\u00eda King Avenue, heading towards S\u00e1nchez-Saman\u00e1, near the Mundo del Marisco restaurant, in the municipality of <a href=\"https:\/\/ab.deultimominuto.net\/nacionales\/policia-muerte-de-nino-padre\/\" target=\"_blank\" rel=\"noopener\">Nagua<\/a>.<\/p>\n\n\nAccording to reports, a young man identified only as Emilio was riding a motorcycle when he lost control and crashed into an electrical pole. The impact caused serious injuries and significant blood loss.\n\n\n<h3 class=\"wp-block-heading\"><strong>Read more: <a href=\"https:\/\/ab.deultimominuto.net\/nacionales\/tragedia-en-la-carretera-nagua-cabrera-dos-jovenes-pierden-la-vida-en-accidente-de-transito\/\" data-type=\"post\" data-id=\"526016\" target=\"_blank\" rel=\"noopener\">Tragedy on the Nagua\u2013Cabrera highway: Two young people lose their lives in a traffic accident<\/a><\/strong><\/h3>\n\n\nHe was immediately transferred to a medical center in the city, where he died hours later due to the trauma he received.\n\nEmilio worked at the C\u00e9sar and C\u00e9sar II commercial in Nagua. Although he resided in the community of La Capitalita, he was originally from the municipal district of Arroyo del Medio.\n\nThe authorities are keeping investigations open to determine the exact circumstances of the accident.\n\nThe community expresses sorrow for this loss, sending messages of solidarity to the young man&#8217;s family during this difficult time.","protected":false},"excerpt":{"rendered":"<p>Nagua, Mar\u00eda Trinidad S\u00e1nchez.\u2013 The night of this Sunday, August 31st, a tragic traffic accident occurred on Luis Mar\u00eda King Avenue, heading towards S\u00e1nchez-Saman\u00e1, near the Mundo del Marisco restaurant, in the municipality of Nagua. According to reports, a young man identified only as Emilio was riding a motorcycle when he lost control and crashed [&hellip;]<\/p>\n","protected":false},"author":17,"featured_media":480817,"comment_status":"open","ping_status":"open","sticky":false,"template":"","format":"standard","meta":{"_acf_changed":false,"_jetpack_newsletter_access":"","_jetpack_dont_email_post_to_subs":false,"_jetpack_newsletter_tier_id":0,"_jetpack_memberships_contains_paywalled_content":false,"_jetpack_memberships_contains_paid_content":false,"footnotes":"","_members_access_role":[],"_members_access_error":""},"categories":[40216],"tags":[41332,40319,40995],"class_list":["post-480816","post","type-post","status-publish","format-standard","has-post-thumbnail","category-dominican-news","tag-traffic-accident","tag-tragedy","tag-young"],"acf":[],"jetpack_sharing_enabled":true,"jetpack_shortlink":"https:\/\/wp.me\/phj1q1-2156","jetpack_featured_media_url":"https:\/\/deultimominuto.com\/en\/wp-content\/uploads\/sites\/2\/2025\/09\/Plantilla-para-portal-59.jpg","dum_api":{"author_name":"Chilote Torres","author_image":"https:\/\/secure.gravatar.com\/avatar\/6acad01cb43e63e3ce577dbbef7c6f6cee449b2f75588029c3a3e0e51ccbca4c?s=96&d=mm&r=g","categories_name":["Dominican News"],"featured_media_url":"https:\/\/cdn.deultimominuto.com\/en\/wp-content\/uploads\/sites\/2\/2025\/09\/Plantilla-para-portal-59.jpg"},"_links":{"self":[{"href":"https:\/\/deultimominuto.com\/en\/wp-json\/wp\/v2\/posts\/480816","targetHints":{"allow":["GET"]}}],"collection":[{"href":"https:\/\/deultimominuto.com\/en\/wp-json\/wp\/v2\/posts"}],"about":[{"href":"https:\/\/deultimominuto.com\/en\/wp-json\/wp\/v2\/types\/post"}],"author":[{"embeddable":true,"href":"https:\/\/deultimominuto.com\/en\/wp-json\/wp\/v2\/users\/17"}],"replies":[{"embeddable":true,"href":"https:\/\/deultimominuto.com\/en\/wp-json\/wp\/v2\/comments?post=480816"}],"version-history":[{"count":0,"href":"https:\/\/deultimominuto.com\/en\/wp-json\/wp\/v2\/posts\/480816\/revisions"}],"wp:featuredmedia":[{"embeddable":true,"href":"https:\/\/deultimominuto.com\/en\/wp-json\/wp\/v2\/media\/480817"}],"wp:attachment":[{"href":"https:\/\/deultimominuto.com\/en\/wp-json\/wp\/v2\/media?parent=480816"}],"wp:term":[{"taxonomy":"category","embeddable":true,"href":"https:\/\/deultimominuto.com\/en\/wp-json\/wp\/v2\/categories?post=480816"},{"taxonomy":"post_tag","embeddable":true,"href":"https:\/\/deultimominuto.com\/en\/wp-json\/wp\/v2\/tags?post=480816"}],"curies":[{"name":"wp","href":"https:\/\/api.w.org\/{rel}","templated":true}]}}