{"id":481431,"date":"2025-09-04T14:05:23","date_gmt":"2025-09-04T18:05:23","guid":{"rendered":"https:\/\/deultimominuto.net\/en\/uncategorized\/ucateci-announces-the-opening-of-an-academic-extension-in-bonao-for-the-benefit-of-the-province\/"},"modified":"2025-09-04T14:05:23","modified_gmt":"2025-09-04T18:05:23","slug":"ucateci-announces-the-opening-of-an-academic-extension-in-bonao-for-the-benefit-of-the-province","status":"publish","type":"post","link":"https:\/\/deultimominuto.com\/en\/uncategorized\/ucateci-announces-the-opening-of-an-academic-extension-in-bonao-for-the-benefit-of-the-province\/","title":{"rendered":"UCATECI announces the opening of an academic extension in Bonao for the benefit of the province"},"content":{"rendered":"<strong>Bonao. &#8211;<\/strong> The Universidad Cat\u00f3lica del Cibao (<a href=\"https:\/\/www.ucateci.edu.do\/\" target=\"_blank\" rel=\"noopener\">UCATECI<\/a>) held a meeting with journalists and media representatives, where they explained the reasons why the higher education institution decided to establish an academic extension in Bonao.\n\nDuring the activity, the authorities highlighted that this initiative seeks to facilitate access to university education for hundreds of young people in the province, allowing them to pursue their studies without having to move to other cities, which represents a significant saving for families.\n\nIt was highlighted that UCATECI has more than a thousand graduates, and that the project aims to continue expanding educational opportunities for the children of those professionals, with the guarantee of a comprehensive and accessible education.\n\nLikewise, the managers reported that they are working on creating alliances with entrepreneurs, local authorities, and productive sectors, with the aim of managing scholarships and support programs that directly benefit the community of Bonao.\n\nRegarding the academic offer, it was announced that in this first stage, the most in-demand careers in the labor market will be available, and postgraduate and master&#8217;s programs will be subsequently incorporated, depending on the needs of the population.\n\nThe meeting with the press also aimed to strengthen the relationship with the media, recognizing their essential role in guiding citizens and disseminating information that promotes the educational and social development of the province.\n\n\n<p class=\"wp-block-paragraph\"><strong>You might be interested in:<\/strong><\/p>\n\n\nIn the activity participated Francisco Jim\u00e9nez Rosario (Cualo), executive vice-rector of UCATECI; Nicol\u00e1s Suazo, head of communication of the Diocese of La Vega; the provincial governor Adela Tejada; Wellington Mej\u00eda; and Juan Severino, director of the Educational Center of Bonao.\n\nBy: Daniel Reyes","protected":false},"excerpt":{"rendered":"<p>Bonao. &#8211; The Universidad Cat\u00f3lica del Cibao (UCATECI) held a meeting with journalists and media representatives, where they explained the reasons why the higher education institution decided to establish an academic extension in Bonao. During the activity, the authorities highlighted that this initiative seeks to facilitate access to university education for hundreds of young people [&hellip;]<\/p>\n","protected":false},"author":133537,"featured_media":0,"comment_status":"open","ping_status":"open","sticky":false,"template":"","format":"standard","meta":{"_acf_changed":false,"_jetpack_newsletter_access":"","_jetpack_dont_email_post_to_subs":false,"_jetpack_newsletter_tier_id":0,"_jetpack_memberships_contains_paywalled_content":false,"_jetpack_memberships_contains_paid_content":false,"footnotes":"","_members_access_role":[],"_members_access_error":""},"categories":[1],"tags":[],"class_list":["post-481431","post","type-post","status-publish","format-standard","category-uncategorized"],"acf":[],"jetpack_sharing_enabled":true,"jetpack_shortlink":"https:\/\/wp.me\/phj1q1-21f1","jetpack_featured_media_url":"","dum_api":{"author_name":"Paola Castillo","author_image":"https:\/\/deultimominuto.com\/wp-content\/uploads\/2025\/10\/cropped-paola-castillo-f-96x96.jpg","categories_name":["Uncategorized"],"featured_media_url":null},"_links":{"self":[{"href":"https:\/\/deultimominuto.com\/en\/wp-json\/wp\/v2\/posts\/481431","targetHints":{"allow":["GET"]}}],"collection":[{"href":"https:\/\/deultimominuto.com\/en\/wp-json\/wp\/v2\/posts"}],"about":[{"href":"https:\/\/deultimominuto.com\/en\/wp-json\/wp\/v2\/types\/post"}],"author":[{"embeddable":true,"href":"https:\/\/deultimominuto.com\/en\/wp-json\/wp\/v2\/users\/133537"}],"replies":[{"embeddable":true,"href":"https:\/\/deultimominuto.com\/en\/wp-json\/wp\/v2\/comments?post=481431"}],"version-history":[{"count":0,"href":"https:\/\/deultimominuto.com\/en\/wp-json\/wp\/v2\/posts\/481431\/revisions"}],"wp:attachment":[{"href":"https:\/\/deultimominuto.com\/en\/wp-json\/wp\/v2\/media?parent=481431"}],"wp:term":[{"taxonomy":"category","embeddable":true,"href":"https:\/\/deultimominuto.com\/en\/wp-json\/wp\/v2\/categories?post=481431"},{"taxonomy":"post_tag","embeddable":true,"href":"https:\/\/deultimominuto.com\/en\/wp-json\/wp\/v2\/tags?post=481431"}],"curies":[{"name":"wp","href":"https:\/\/api.w.org\/{rel}","templated":true}]}}