{"id":481645,"date":"2025-09-05T18:55:45","date_gmt":"2025-09-05T22:55:45","guid":{"rendered":"https:\/\/deultimominuto.net\/en\/uncategorized\/a-legend-is-gone-maria-cristina-maita-camilo-died-and-the-great-sovereign-never-arrived\/"},"modified":"2025-09-05T18:55:45","modified_gmt":"2025-09-05T22:55:45","slug":"a-legend-is-gone-maria-cristina-maita-camilo-died-and-the-great-sovereign-never-arrived","status":"publish","type":"post","link":"https:\/\/deultimominuto.com\/en\/entertainment\/a-legend-is-gone-maria-cristina-maita-camilo-died-and-the-great-sovereign-never-arrived\/","title":{"rendered":"A legend is gone! Mar\u00eda Cristina \u201cMa\u00edta\u201d Camilo died and the Great Sovereign never arrived"},"content":{"rendered":"<strong>Santo Domingo.<\/strong> \u2013 The Dominican Republic mourns the passing of <strong>Mar\u00eda Cristina Camilo Rodr\u00edguez<\/strong>, known as <strong><em>Ma\u00edta<\/em><\/strong>, pioneer of Dominican radio and television, who died this Friday at the age of 107.\n\nAnd despite being multi-awarded for her career, Ma\u00edta passed away and the <strong>Soberano Grand Prize<\/strong>, the highest award in the country&#8217;s artistic industry, never reached her hands, although she had all the requirements to receive it.\n\n\n<p class=\"wp-block-paragraph\"><strong>You may be interested in:<\/strong> <a href=\"http:\/\/Fallece a los 107 a\u00f1os Mar\u00eda Cristina Camilo, pionera de la locuci\u00f3n en Rep\u00fablica Dominicana\">http:\/\/Fallece a los 107 a\u00f1os Mar\u00eda Cristina Camilo, pioneer of broadcasting in the Dominican Republic<\/a><\/p>\n\n\nMa\u00edta, born in San Francisco de Macor\u00eds on December 25, 1917, became the first radio announcer and television presenter in the country, leaving a historical legacy in communication and the arts. Throughout more than 70 years of career, she was recognized with the <strong>Order of Merit of Duarte, S\u00e1nchez and Mella<\/strong>, multiple <strong>Golden Microphones<\/strong>, awards from the Chamber of Deputies, and a <strong>special Soberano Award in 2021<\/strong>. However, the <strong>Gran Premio Soberano<\/strong>, the highest recognition that distinguishes Dominican artists, was never awarded to her.\n\nHis passing underscores the loss of a historical figure who marked generations and who, despite the numerous tributes received in life, could not see his career crowned with the award that symbolizes the highest artistic distinction in the country. The artistic community and its followers have expressed deep sorrow that one of the living legends of Dominican broadcasting and television has departed without receiving this recognition.\n\nMa\u00edta was also highlighted for her commitment to senior citizens and her teaching work, and her legacy includes the training of numerous communicators and artists. Her departure represents a milestone in the history of Dominican media and leaves a void that will hardly be filled.\n\n\n<h2 class=\"wp-block-heading\"><strong>Acknowledgements<\/strong><\/h2>\n\n\nOn April 18, 1977, Dominican Broadcaster&#8217;s Day, Camilo received the Order of Merit of Duarte, S\u00e1nchez and Mella, in the Knight&#8217;s Degree, from President Joaqu\u00edn Balaguer, along with the actress Monina Sol\u00e1. The Dominican Broadcasters Circle awarded him the Golden Microphone award on four occasions, also the first Grand Golden Microphone, in 1991, and the special &#8220;Great Golden Voice&#8221; Award in 2023.\n\nIn 2014, her biography titled Mar\u00eda Cristina Camilo: Una estrella dominicana, 92 a\u00f1os de historia, was presented at the Eduardo Brito National Theater, with her presence, that of the book&#8217;s author, producer and theater director, Luis Dantes Castillo, and the Minister of Culture, Jos\u00e9 Antonio Rodr\u00edguez. Three years later, the Chamber of Deputies of the Dominican Republic presented her with a parchment, &#8220;for her consecrated work as a broadcaster, theater, film and television actress.&#8221; At the event, the president of the Chamber, Luc\u00eda Medina, defined her as &#8220;a living legend&#8221; of Dominican broadcasting, theater and cinema.\n\nThe Gardo Radio Awards, in their first edition in 2020, distinguished her with a statuette, for her long career on the airwaves. That year, she was also distinguished by the Santo Domingo Bella Vista Rotary Club, in the category of Women of Values. In 2021 she received a special Soberano Award for her career of more than 70 years in the media. The Soberano Awards, granted by the Association of Art Journalists since 1985, annually award the best in music, popular art, theater, cinema and communication at a gala.\n\nThat same year, she inaugurated her star on the walk of the La Voz del Yuna Museum, in Bonao, which houses the replica of the original radio station, the first in the country, and where she began as a broadcaster. In addition, the National Police of the Dominican Republic paid tribute to her, with the presentation of a plaque, in recognition of her &#8220;artistic and human trajectory&#8221; and as a &#8220;teacher of teachers&#8221;.\n\nIn 2022, the Senate of the Dominican Republic presented her with an award for her career &#8220;in benefit of Dominican art and culture.&#8221; At the event, Senator Franklin Pe\u00f1a, representative of the province of San Francisco de Macor\u00eds, where Ma\u00edta was born, and promoter of the tribute, highlighted the communicator&#8217;s work for the benefit of the elderly.","protected":false},"excerpt":{"rendered":"<p>Santo Domingo. \u2013 The Dominican Republic mourns the passing of Mar\u00eda Cristina Camilo Rodr\u00edguez, known as Ma\u00edta, pioneer of Dominican radio and television, who died this Friday at the age of 107. And despite being multi-awarded for her career, Ma\u00edta passed away and the Soberano Grand Prize, the highest award in the country&#8217;s artistic industry, [&hellip;]<\/p>\n","protected":false},"author":4,"featured_media":481646,"comment_status":"open","ping_status":"open","sticky":false,"template":"","format":"standard","meta":{"_acf_changed":false,"_jetpack_newsletter_access":"","_jetpack_dont_email_post_to_subs":false,"_jetpack_newsletter_tier_id":0,"_jetpack_memberships_contains_paywalled_content":false,"_jetpack_memberships_contains_paid_content":false,"footnotes":"","_members_access_role":[],"_members_access_error":""},"categories":[5],"tags":[42217,14713],"class_list":["post-481645","post","type-post","status-publish","format-standard","has-post-thumbnail","category-entertainment","tag-great-sovereign","tag-maria-cristina-camilo"],"acf":[],"jetpack_sharing_enabled":true,"jetpack_shortlink":"https:\/\/wp.me\/phj1q1-21it","jetpack_featured_media_url":"https:\/\/deultimominuto.com\/en\/wp-content\/uploads\/sites\/2\/2025\/09\/cristina.jpg","dum_api":{"author_name":"Redacci\u00f3n De \u00daltimo Minuto","author_image":"https:\/\/deultimominuto.com\/wp-content\/uploads\/2025\/02\/cropped-logo-de-ultimo-minuto-96x96.png","categories_name":["Entertainment"],"featured_media_url":"https:\/\/cdn.deultimominuto.com\/en\/wp-content\/uploads\/sites\/2\/2025\/09\/cristina.jpg"},"_links":{"self":[{"href":"https:\/\/deultimominuto.com\/en\/wp-json\/wp\/v2\/posts\/481645","targetHints":{"allow":["GET"]}}],"collection":[{"href":"https:\/\/deultimominuto.com\/en\/wp-json\/wp\/v2\/posts"}],"about":[{"href":"https:\/\/deultimominuto.com\/en\/wp-json\/wp\/v2\/types\/post"}],"author":[{"embeddable":true,"href":"https:\/\/deultimominuto.com\/en\/wp-json\/wp\/v2\/users\/4"}],"replies":[{"embeddable":true,"href":"https:\/\/deultimominuto.com\/en\/wp-json\/wp\/v2\/comments?post=481645"}],"version-history":[{"count":0,"href":"https:\/\/deultimominuto.com\/en\/wp-json\/wp\/v2\/posts\/481645\/revisions"}],"wp:featuredmedia":[{"embeddable":true,"href":"https:\/\/deultimominuto.com\/en\/wp-json\/wp\/v2\/media\/481646"}],"wp:attachment":[{"href":"https:\/\/deultimominuto.com\/en\/wp-json\/wp\/v2\/media?parent=481645"}],"wp:term":[{"taxonomy":"category","embeddable":true,"href":"https:\/\/deultimominuto.com\/en\/wp-json\/wp\/v2\/categories?post=481645"},{"taxonomy":"post_tag","embeddable":true,"href":"https:\/\/deultimominuto.com\/en\/wp-json\/wp\/v2\/tags?post=481645"}],"curies":[{"name":"wp","href":"https:\/\/api.w.org\/{rel}","templated":true}]}}